{"id":3822,"date":"2026-03-13T10:53:55","date_gmt":"2026-03-13T14:53:55","guid":{"rendered":"https:\/\/ladyandthetrack.com\/articles\/armelle-stuns-in-spring-attire-after-years-away-from-the-spotlight\/"},"modified":"2026-03-13T10:53:59","modified_gmt":"2026-03-13T14:53:59","slug":"armelle-stuns-in-spring-attire-after-years-away-from-the-spotlight","status":"publish","type":"post","link":"https:\/\/ladyandthetrack.com\/articles\/armelle-stuns-in-spring-attire-after-years-away-from-the-spotlight\/","title":{"rendered":"Armelle Stuns in Spring Attire After Years Away From the Spotlight!"},"content":{"rendered":"<h2>Judging from Her Outfit, Armelle Knows How to Blend Shades Perfectly<\/h2>\n<p>Armelle was among the French celebrities invited to the premiere of the film &#8220;Les K d&#8217;Or&#8221; at the Grand Rex in Paris on March 2. She opted for a bold color combination.<\/p>\n<p>Armelle Lesniak, commonly known simply as Armelle, is a rarity in the media spotlight. Known for her role in the TV series &#8220;Cam\u00e9ra Caf\u00e9,&#8221; she is not usually keen on public appearances. However, she made an exception to support J\u00e9r\u00e9my Ferrari and the release of his new movie &#8220;Les K d&#8217;Or,&#8221; which hit theaters on March 11, 2026. To make a statement, Armelle chose not to wear a dull and dark outfit. Instead, she went for a vibrant and elegant look. The actress and comedian sported a large green sweater with a deep V-neck, which matched her shoes. She had fallen for a pair of sneakers in similar green hues by adidas. To balance out her outfit, she wore wide-leg pants in gray, adorned with finely lined checks. At 56 years old, the comedian paid extra attention to her accessories, which were carefully chosen.<\/p>\n<p>The centerpiece of her outfit was a scarf tied around her neck in a purple color that beautifully contrasted with her green sweater. It added a very chic dimension to her look instantly. Also noticeable were her large round glasses, a long necklace, and a stack of bracelets on her left wrist.<\/p>\n<p>These eclectic accessories added a lot of style to her outfit, perfect for welcoming the spring with grace.<\/p>\n\n\n<div class=\"kk-star-ratings kksr-auto kksr-align-left kksr-valign-bottom\"\n    data-payload='{&quot;align&quot;:&quot;left&quot;,&quot;id&quot;:&quot;3822&quot;,&quot;slug&quot;:&quot;default&quot;,&quot;valign&quot;:&quot;bottom&quot;,&quot;ignore&quot;:&quot;&quot;,&quot;reference&quot;:&quot;auto&quot;,&quot;class&quot;:&quot;&quot;,&quot;count&quot;:&quot;0&quot;,&quot;legendonly&quot;:&quot;&quot;,&quot;readonly&quot;:&quot;&quot;,&quot;score&quot;:&quot;0&quot;,&quot;starsonly&quot;:&quot;&quot;,&quot;best&quot;:&quot;5&quot;,&quot;gap&quot;:&quot;5&quot;,&quot;greet&quot;:&quot;Rate this post&quot;,&quot;legend&quot;:&quot;0\\\/5 - (0 votes)&quot;,&quot;size&quot;:&quot;22&quot;,&quot;title&quot;:&quot;Armelle Stuns in Spring Attire After Years Away From the Spotlight!&quot;,&quot;width&quot;:&quot;0&quot;,&quot;_legend&quot;:&quot;{score}\\\/{best} - ({count} {votes})&quot;,&quot;font_factor&quot;:&quot;1.25&quot;}'>\n            \n<div class=\"kksr-stars\">\n    \n<div class=\"kksr-stars-inactive\">\n            <div class=\"kksr-star\" data-star=\"1\" style=\"padding-right: 5px\">\n            \n\n<div class=\"kksr-icon\" style=\"width: 22px; height: 22px;\"><\/div>\n        <\/div>\n            <div class=\"kksr-star\" data-star=\"2\" style=\"padding-right: 5px\">\n            \n\n<div class=\"kksr-icon\" style=\"width: 22px; height: 22px;\"><\/div>\n        <\/div>\n            <div class=\"kksr-star\" data-star=\"3\" style=\"padding-right: 5px\">\n            \n\n<div class=\"kksr-icon\" style=\"width: 22px; height: 22px;\"><\/div>\n        <\/div>\n            <div class=\"kksr-star\" data-star=\"4\" style=\"padding-right: 5px\">\n            \n\n<div class=\"kksr-icon\" style=\"width: 22px; height: 22px;\"><\/div>\n        <\/div>\n            <div class=\"kksr-star\" data-star=\"5\" style=\"padding-right: 5px\">\n            \n\n<div class=\"kksr-icon\" style=\"width: 22px; height: 22px;\"><\/div>\n        <\/div>\n    <\/div>\n    \n<div class=\"kksr-stars-active\" style=\"width: 0px;\">\n            <div class=\"kksr-star\" style=\"padding-right: 5px\">\n            \n\n<div class=\"kksr-icon\" style=\"width: 22px; height: 22px;\"><\/div>\n        <\/div>\n            <div class=\"kksr-star\" style=\"padding-right: 5px\">\n            \n\n<div class=\"kksr-icon\" style=\"width: 22px; height: 22px;\"><\/div>\n        <\/div>\n            <div class=\"kksr-star\" style=\"padding-right: 5px\">\n            \n\n<div class=\"kksr-icon\" style=\"width: 22px; height: 22px;\"><\/div>\n        <\/div>\n            <div class=\"kksr-star\" style=\"padding-right: 5px\">\n            \n\n<div class=\"kksr-icon\" style=\"width: 22px; height: 22px;\"><\/div>\n        <\/div>\n            <div class=\"kksr-star\" style=\"padding-right: 5px\">\n            \n\n<div class=\"kksr-icon\" style=\"width: 22px; height: 22px;\"><\/div>\n        <\/div>\n    <\/div>\n<\/div>\n                \n\n<div class=\"kksr-legend\" style=\"font-size: 17.6px;\">\n            <span class=\"kksr-muted\">Rate this post<\/span>\n    <\/div>\n    <\/div>\n","protected":false},"excerpt":{"rendered":"<p>Judging from Her Outfit, Armelle Knows How to Blend Shades Perfectly Armelle was among the French celebrities invited to the premiere of the film &#8220;Les K &#8230; <a title=\"Armelle Stuns in Spring Attire After Years Away From the Spotlight!\" class=\"read-more\" href=\"https:\/\/ladyandthetrack.com\/articles\/armelle-stuns-in-spring-attire-after-years-away-from-the-spotlight\/\" aria-label=\"Read more about Armelle Stuns in Spring Attire After Years Away From the Spotlight!\">Continue Reading &rarr;<\/a><\/p>\n","protected":false},"author":18,"featured_media":3823,"comment_status":"open","ping_status":"open","sticky":false,"template":"","format":"standard","meta":{"footnotes":""},"categories":[32],"tags":[],"class_list":["post-3822","post","type-post","status-publish","format-standard","has-post-thumbnail","hentry","category-mode"],"yoast_head":"<!-- This site is optimized with the Yoast SEO plugin v25.6 - https:\/\/yoast.com\/wordpress\/plugins\/seo\/ -->\n<title>Armelle Stuns in Spring Attire After Years Away From the Spotlight! - Lady and The Track<\/title>\n<meta name=\"robots\" content=\"index, follow, max-snippet:-1, max-image-preview:large, max-video-preview:-1\" \/>\n<link rel=\"canonical\" href=\"https:\/\/ladyandthetrack.com\/articles\/armelle-stuns-in-spring-attire-after-years-away-from-the-spotlight\/\" \/>\n<meta property=\"og:locale\" content=\"en_US\" \/>\n<meta property=\"og:type\" content=\"article\" \/>\n<meta property=\"og:title\" content=\"Armelle Stuns in Spring Attire After Years Away From the Spotlight! - Lady and The Track\" \/>\n<meta property=\"og:description\" content=\"Judging from Her Outfit, Armelle Knows How to Blend Shades Perfectly Armelle was among the French celebrities invited to the premiere of the film &#8220;Les K ... Continue Reading &rarr;\" \/>\n<meta property=\"og:url\" content=\"https:\/\/ladyandthetrack.com\/articles\/armelle-stuns-in-spring-attire-after-years-away-from-the-spotlight\/\" \/>\n<meta property=\"og:site_name\" content=\"Lady and The Track\" \/>\n<meta property=\"article:published_time\" content=\"2026-03-13T14:53:55+00:00\" \/>\n<meta property=\"article:modified_time\" content=\"2026-03-13T14:53:59+00:00\" \/>\n<meta property=\"og:image\" content=\"https:\/\/ladyandthetrack.com\/articles\/wp-content\/uploads\/2026\/03\/Armelle-Stuns-in-Spring-Attire-After-Years-Away-From-the.jpg\" \/>\n\t<meta property=\"og:image:width\" content=\"1024\" \/>\n\t<meta property=\"og:image:height\" content=\"768\" \/>\n\t<meta property=\"og:image:type\" content=\"image\/jpeg\" \/>\n<meta name=\"author\" content=\"Olivia Martinez\" \/>\n<meta name=\"twitter:card\" content=\"summary_large_image\" \/>\n<meta name=\"twitter:label1\" content=\"Written by\" \/>\n\t<meta name=\"twitter:data1\" content=\"Olivia Martinez\" \/>\n\t<meta name=\"twitter:label2\" content=\"Est. reading time\" \/>\n\t<meta name=\"twitter:data2\" content=\"1 minute\" \/>\n<script type=\"application\/ld+json\" class=\"yoast-schema-graph\">{\"@context\":\"https:\/\/schema.org\",\"@graph\":[{\"@type\":\"WebPage\",\"@id\":\"https:\/\/ladyandthetrack.com\/articles\/armelle-stuns-in-spring-attire-after-years-away-from-the-spotlight\/\",\"url\":\"https:\/\/ladyandthetrack.com\/articles\/armelle-stuns-in-spring-attire-after-years-away-from-the-spotlight\/\",\"name\":\"Armelle Stuns in Spring Attire After Years Away From the Spotlight! - Lady and The Track\",\"isPartOf\":{\"@id\":\"https:\/\/ladyandthetrack.com\/articles\/#website\"},\"primaryImageOfPage\":{\"@id\":\"https:\/\/ladyandthetrack.com\/articles\/armelle-stuns-in-spring-attire-after-years-away-from-the-spotlight\/#primaryimage\"},\"image\":{\"@id\":\"https:\/\/ladyandthetrack.com\/articles\/armelle-stuns-in-spring-attire-after-years-away-from-the-spotlight\/#primaryimage\"},\"thumbnailUrl\":\"https:\/\/ladyandthetrack.com\/articles\/wp-content\/uploads\/2026\/03\/Armelle-Stuns-in-Spring-Attire-After-Years-Away-From-the.jpg\",\"datePublished\":\"2026-03-13T14:53:55+00:00\",\"dateModified\":\"2026-03-13T14:53:59+00:00\",\"author\":{\"@id\":\"https:\/\/ladyandthetrack.com\/articles\/#\/schema\/person\/d57f3dfe4e859d9796434d00bd11e446\"},\"breadcrumb\":{\"@id\":\"https:\/\/ladyandthetrack.com\/articles\/armelle-stuns-in-spring-attire-after-years-away-from-the-spotlight\/#breadcrumb\"},\"inLanguage\":\"en-US\",\"potentialAction\":[{\"@type\":\"ReadAction\",\"target\":[\"https:\/\/ladyandthetrack.com\/articles\/armelle-stuns-in-spring-attire-after-years-away-from-the-spotlight\/\"]}]},{\"@type\":\"ImageObject\",\"inLanguage\":\"en-US\",\"@id\":\"https:\/\/ladyandthetrack.com\/articles\/armelle-stuns-in-spring-attire-after-years-away-from-the-spotlight\/#primaryimage\",\"url\":\"https:\/\/ladyandthetrack.com\/articles\/wp-content\/uploads\/2026\/03\/Armelle-Stuns-in-Spring-Attire-After-Years-Away-From-the.jpg\",\"contentUrl\":\"https:\/\/ladyandthetrack.com\/articles\/wp-content\/uploads\/2026\/03\/Armelle-Stuns-in-Spring-Attire-After-Years-Away-From-the.jpg\",\"width\":1024,\"height\":768,\"caption\":\"Armelle Stuns in Spring Attire After Years Away From the Spotlight!\"},{\"@type\":\"BreadcrumbList\",\"@id\":\"https:\/\/ladyandthetrack.com\/articles\/armelle-stuns-in-spring-attire-after-years-away-from-the-spotlight\/#breadcrumb\",\"itemListElement\":[{\"@type\":\"ListItem\",\"position\":1,\"name\":\"Accueil\",\"item\":\"https:\/\/ladyandthetrack.com\/articles\/\"},{\"@type\":\"ListItem\",\"position\":2,\"name\":\"Armelle Stuns in Spring Attire After Years Away From the Spotlight!\"}]},{\"@type\":\"WebSite\",\"@id\":\"https:\/\/ladyandthetrack.com\/articles\/#website\",\"url\":\"https:\/\/ladyandthetrack.com\/articles\/\",\"name\":\"Lady and The Track\",\"description\":\"\",\"potentialAction\":[{\"@type\":\"SearchAction\",\"target\":{\"@type\":\"EntryPoint\",\"urlTemplate\":\"https:\/\/ladyandthetrack.com\/articles\/?s={search_term_string}\"},\"query-input\":{\"@type\":\"PropertyValueSpecification\",\"valueRequired\":true,\"valueName\":\"search_term_string\"}}],\"inLanguage\":\"en-US\"},{\"@type\":\"Person\",\"@id\":\"https:\/\/ladyandthetrack.com\/articles\/#\/schema\/person\/d57f3dfe4e859d9796434d00bd11e446\",\"name\":\"Olivia Martinez\",\"image\":{\"@type\":\"ImageObject\",\"inLanguage\":\"en-US\",\"@id\":\"https:\/\/ladyandthetrack.com\/articles\/#\/schema\/person\/image\/\",\"url\":\"https:\/\/secure.gravatar.com\/avatar\/1e306175c07fd235d6a2d04a08158825?s=96&d=mm&r=g\",\"contentUrl\":\"https:\/\/secure.gravatar.com\/avatar\/1e306175c07fd235d6a2d04a08158825?s=96&d=mm&r=g\",\"caption\":\"Olivia Martinez\"},\"description\":\"Olivia Martinez is the Fashion Editor at Lady and The Track, bringing over seven years of experience in the fashion industry. With a background in fashion design and styling, Olivia has worked with top fashion brands and magazines. Her keen eye for trends and styling tips helps readers stay ahead of the fashion curve. Whether she\u2019s covering runway shows or street style, Olivia ensures that Lady and The Track readers are always in the know when it comes to the latest in fashion.\",\"sameAs\":[\"https:\/\/ladyandthetrack.com\/\"],\"url\":\"https:\/\/ladyandthetrack.com\/articles\/author\/olivia-martinez\/\"}]}<\/script>\n<!-- \/ Yoast SEO plugin. -->","yoast_head_json":{"title":"Armelle Stuns in Spring Attire After Years Away From the Spotlight! - Lady and The Track","robots":{"index":"index","follow":"follow","max-snippet":"max-snippet:-1","max-image-preview":"max-image-preview:large","max-video-preview":"max-video-preview:-1"},"canonical":"https:\/\/ladyandthetrack.com\/articles\/armelle-stuns-in-spring-attire-after-years-away-from-the-spotlight\/","og_locale":"en_US","og_type":"article","og_title":"Armelle Stuns in Spring Attire After Years Away From the Spotlight! - Lady and The Track","og_description":"Judging from Her Outfit, Armelle Knows How to Blend Shades Perfectly Armelle was among the French celebrities invited to the premiere of the film &#8220;Les K ... Continue Reading &rarr;","og_url":"https:\/\/ladyandthetrack.com\/articles\/armelle-stuns-in-spring-attire-after-years-away-from-the-spotlight\/","og_site_name":"Lady and The Track","article_published_time":"2026-03-13T14:53:55+00:00","article_modified_time":"2026-03-13T14:53:59+00:00","og_image":[{"width":1024,"height":768,"url":"https:\/\/ladyandthetrack.com\/articles\/wp-content\/uploads\/2026\/03\/Armelle-Stuns-in-Spring-Attire-After-Years-Away-From-the.jpg","type":"image\/jpeg"}],"author":"Olivia Martinez","twitter_card":"summary_large_image","twitter_misc":{"Written by":"Olivia Martinez","Est. reading time":"1 minute"},"schema":{"@context":"https:\/\/schema.org","@graph":[{"@type":"WebPage","@id":"https:\/\/ladyandthetrack.com\/articles\/armelle-stuns-in-spring-attire-after-years-away-from-the-spotlight\/","url":"https:\/\/ladyandthetrack.com\/articles\/armelle-stuns-in-spring-attire-after-years-away-from-the-spotlight\/","name":"Armelle Stuns in Spring Attire After Years Away From the Spotlight! - Lady and The Track","isPartOf":{"@id":"https:\/\/ladyandthetrack.com\/articles\/#website"},"primaryImageOfPage":{"@id":"https:\/\/ladyandthetrack.com\/articles\/armelle-stuns-in-spring-attire-after-years-away-from-the-spotlight\/#primaryimage"},"image":{"@id":"https:\/\/ladyandthetrack.com\/articles\/armelle-stuns-in-spring-attire-after-years-away-from-the-spotlight\/#primaryimage"},"thumbnailUrl":"https:\/\/ladyandthetrack.com\/articles\/wp-content\/uploads\/2026\/03\/Armelle-Stuns-in-Spring-Attire-After-Years-Away-From-the.jpg","datePublished":"2026-03-13T14:53:55+00:00","dateModified":"2026-03-13T14:53:59+00:00","author":{"@id":"https:\/\/ladyandthetrack.com\/articles\/#\/schema\/person\/d57f3dfe4e859d9796434d00bd11e446"},"breadcrumb":{"@id":"https:\/\/ladyandthetrack.com\/articles\/armelle-stuns-in-spring-attire-after-years-away-from-the-spotlight\/#breadcrumb"},"inLanguage":"en-US","potentialAction":[{"@type":"ReadAction","target":["https:\/\/ladyandthetrack.com\/articles\/armelle-stuns-in-spring-attire-after-years-away-from-the-spotlight\/"]}]},{"@type":"ImageObject","inLanguage":"en-US","@id":"https:\/\/ladyandthetrack.com\/articles\/armelle-stuns-in-spring-attire-after-years-away-from-the-spotlight\/#primaryimage","url":"https:\/\/ladyandthetrack.com\/articles\/wp-content\/uploads\/2026\/03\/Armelle-Stuns-in-Spring-Attire-After-Years-Away-From-the.jpg","contentUrl":"https:\/\/ladyandthetrack.com\/articles\/wp-content\/uploads\/2026\/03\/Armelle-Stuns-in-Spring-Attire-After-Years-Away-From-the.jpg","width":1024,"height":768,"caption":"Armelle Stuns in Spring Attire After Years Away From the Spotlight!"},{"@type":"BreadcrumbList","@id":"https:\/\/ladyandthetrack.com\/articles\/armelle-stuns-in-spring-attire-after-years-away-from-the-spotlight\/#breadcrumb","itemListElement":[{"@type":"ListItem","position":1,"name":"Accueil","item":"https:\/\/ladyandthetrack.com\/articles\/"},{"@type":"ListItem","position":2,"name":"Armelle Stuns in Spring Attire After Years Away From the Spotlight!"}]},{"@type":"WebSite","@id":"https:\/\/ladyandthetrack.com\/articles\/#website","url":"https:\/\/ladyandthetrack.com\/articles\/","name":"Lady and The Track","description":"","potentialAction":[{"@type":"SearchAction","target":{"@type":"EntryPoint","urlTemplate":"https:\/\/ladyandthetrack.com\/articles\/?s={search_term_string}"},"query-input":{"@type":"PropertyValueSpecification","valueRequired":true,"valueName":"search_term_string"}}],"inLanguage":"en-US"},{"@type":"Person","@id":"https:\/\/ladyandthetrack.com\/articles\/#\/schema\/person\/d57f3dfe4e859d9796434d00bd11e446","name":"Olivia Martinez","image":{"@type":"ImageObject","inLanguage":"en-US","@id":"https:\/\/ladyandthetrack.com\/articles\/#\/schema\/person\/image\/","url":"https:\/\/secure.gravatar.com\/avatar\/1e306175c07fd235d6a2d04a08158825?s=96&d=mm&r=g","contentUrl":"https:\/\/secure.gravatar.com\/avatar\/1e306175c07fd235d6a2d04a08158825?s=96&d=mm&r=g","caption":"Olivia Martinez"},"description":"Olivia Martinez is the Fashion Editor at Lady and The Track, bringing over seven years of experience in the fashion industry. With a background in fashion design and styling, Olivia has worked with top fashion brands and magazines. Her keen eye for trends and styling tips helps readers stay ahead of the fashion curve. Whether she\u2019s covering runway shows or street style, Olivia ensures that Lady and The Track readers are always in the know when it comes to the latest in fashion.","sameAs":["https:\/\/ladyandthetrack.com\/"],"url":"https:\/\/ladyandthetrack.com\/articles\/author\/olivia-martinez\/"}]}},"_links":{"self":[{"href":"https:\/\/ladyandthetrack.com\/articles\/wp-json\/wp\/v2\/posts\/3822"}],"collection":[{"href":"https:\/\/ladyandthetrack.com\/articles\/wp-json\/wp\/v2\/posts"}],"about":[{"href":"https:\/\/ladyandthetrack.com\/articles\/wp-json\/wp\/v2\/types\/post"}],"author":[{"embeddable":true,"href":"https:\/\/ladyandthetrack.com\/articles\/wp-json\/wp\/v2\/users\/18"}],"replies":[{"embeddable":true,"href":"https:\/\/ladyandthetrack.com\/articles\/wp-json\/wp\/v2\/comments?post=3822"}],"version-history":[{"count":1,"href":"https:\/\/ladyandthetrack.com\/articles\/wp-json\/wp\/v2\/posts\/3822\/revisions"}],"predecessor-version":[{"id":3824,"href":"https:\/\/ladyandthetrack.com\/articles\/wp-json\/wp\/v2\/posts\/3822\/revisions\/3824"}],"wp:featuredmedia":[{"embeddable":true,"href":"https:\/\/ladyandthetrack.com\/articles\/wp-json\/wp\/v2\/media\/3823"}],"wp:attachment":[{"href":"https:\/\/ladyandthetrack.com\/articles\/wp-json\/wp\/v2\/media?parent=3822"}],"wp:term":[{"taxonomy":"category","embeddable":true,"href":"https:\/\/ladyandthetrack.com\/articles\/wp-json\/wp\/v2\/categories?post=3822"},{"taxonomy":"post_tag","embeddable":true,"href":"https:\/\/ladyandthetrack.com\/articles\/wp-json\/wp\/v2\/tags?post=3822"}],"curies":[{"name":"wp","href":"https:\/\/api.w.org\/{rel}","templated":true}]}}