{"id":3311,"date":"2025-12-17T07:45:42","date_gmt":"2025-12-17T11:45:42","guid":{"rendered":"https:\/\/ladyandthetrack.com\/articles\/at-83-chantal-goya-rocks-the-french-bag-everyone-is-obsessing-over\/"},"modified":"2025-12-17T07:45:44","modified_gmt":"2025-12-17T11:45:44","slug":"at-83-chantal-goya-rocks-the-french-bag-everyone-is-obsessing-over","status":"publish","type":"post","link":"https:\/\/ladyandthetrack.com\/articles\/at-83-chantal-goya-rocks-the-french-bag-everyone-is-obsessing-over\/","title":{"rendered":"At 83, Chantal Goya Rocks the French Bag Everyone is Obsessing Over!"},"content":{"rendered":"<h2>The Singer Sported the Season&#8217;s Most Coveted Handbag<\/h2>\n<p>The accessory everyone coveted was showcased by none other than the singer herself, embodying the pinnacle of French craftsmanship.<\/p>\n<h3>Chantal Goya Shines at Christmas Dinner<\/h3>\n<p>On the evening of November 24, Chantal Goya was among the distinguished guests at a Christmas dinner hosted by Massimo Gargia and Chahrazad Rizk. Dressed in a mix of velvet and leather, her holiday attire was both understated and sophisticated.<\/p>\n<p>The gathering took place at the Parisian restaurant La Baia, which also welcomed celebrities like H\u00e9l\u00e8ne S\u00e9gara, Nicoletta, and Christine Kelly. Chantal Goya, whose public appearances have become increasingly rare, looked stunning. She wore a crisp white shirt under an open jacket paired with straight-leg 3\/4 length trousers. The velvet of her jacket added a festive flair to her outfit. Additionally, the singer chose a striking accessory that brought a pop of color to her look: a broad scarf with various patterns wrapped around her neck.<\/p>\n<h3>The Handbag That Caught Everyone&#8217;s Eye<\/h3>\n<p>The accessory that truly caught our attention was Chantal Goya&#8217;s handbag. For her Christmas ensemble, she didn&#8217;t just pick any brand; the Vietnam-born singer chose a piece from Pol\u00e8ne, a Parisian leather goods brand founded in 2016 that has become a huge hit. She sported a highly sought-after model, the &#8220;Cyme&#8221; in a mini version and the &#8220;\u00c9b\u00e8ne Grain\u00e9&#8221; edition.<\/p>\n<p>This compact tote can be styled in two ways: as a basket with its sides open and straps on the outside, or as a more enclosed, floral-shaped bag with its sides tucked in. Priced at 380 euros, this bag is highly sought after by fashion lovers. At 83 years old, Chantal Goya looked fabulous with this bag, proving she keeps up with current fashion trends.<\/p>\n\n\n<div class=\"kk-star-ratings kksr-auto kksr-align-left kksr-valign-bottom\"\n    data-payload='{&quot;align&quot;:&quot;left&quot;,&quot;id&quot;:&quot;3311&quot;,&quot;slug&quot;:&quot;default&quot;,&quot;valign&quot;:&quot;bottom&quot;,&quot;ignore&quot;:&quot;&quot;,&quot;reference&quot;:&quot;auto&quot;,&quot;class&quot;:&quot;&quot;,&quot;count&quot;:&quot;0&quot;,&quot;legendonly&quot;:&quot;&quot;,&quot;readonly&quot;:&quot;&quot;,&quot;score&quot;:&quot;0&quot;,&quot;starsonly&quot;:&quot;&quot;,&quot;best&quot;:&quot;5&quot;,&quot;gap&quot;:&quot;5&quot;,&quot;greet&quot;:&quot;Rate this post&quot;,&quot;legend&quot;:&quot;0\\\/5 - (0 votes)&quot;,&quot;size&quot;:&quot;22&quot;,&quot;title&quot;:&quot;At 83, Chantal Goya Rocks the French Bag Everyone is Obsessing Over!&quot;,&quot;width&quot;:&quot;0&quot;,&quot;_legend&quot;:&quot;{score}\\\/{best} - ({count} {votes})&quot;,&quot;font_factor&quot;:&quot;1.25&quot;}'>\n            \n<div class=\"kksr-stars\">\n    \n<div class=\"kksr-stars-inactive\">\n            <div class=\"kksr-star\" data-star=\"1\" style=\"padding-right: 5px\">\n            \n\n<div class=\"kksr-icon\" style=\"width: 22px; height: 22px;\"><\/div>\n        <\/div>\n            <div class=\"kksr-star\" data-star=\"2\" style=\"padding-right: 5px\">\n            \n\n<div class=\"kksr-icon\" style=\"width: 22px; height: 22px;\"><\/div>\n        <\/div>\n            <div class=\"kksr-star\" data-star=\"3\" style=\"padding-right: 5px\">\n            \n\n<div class=\"kksr-icon\" style=\"width: 22px; height: 22px;\"><\/div>\n        <\/div>\n            <div class=\"kksr-star\" data-star=\"4\" style=\"padding-right: 5px\">\n            \n\n<div class=\"kksr-icon\" style=\"width: 22px; height: 22px;\"><\/div>\n        <\/div>\n            <div class=\"kksr-star\" data-star=\"5\" style=\"padding-right: 5px\">\n            \n\n<div class=\"kksr-icon\" style=\"width: 22px; height: 22px;\"><\/div>\n        <\/div>\n    <\/div>\n    \n<div class=\"kksr-stars-active\" style=\"width: 0px;\">\n            <div class=\"kksr-star\" style=\"padding-right: 5px\">\n            \n\n<div class=\"kksr-icon\" style=\"width: 22px; height: 22px;\"><\/div>\n        <\/div>\n            <div class=\"kksr-star\" style=\"padding-right: 5px\">\n            \n\n<div class=\"kksr-icon\" style=\"width: 22px; height: 22px;\"><\/div>\n        <\/div>\n            <div class=\"kksr-star\" style=\"padding-right: 5px\">\n            \n\n<div class=\"kksr-icon\" style=\"width: 22px; height: 22px;\"><\/div>\n        <\/div>\n            <div class=\"kksr-star\" style=\"padding-right: 5px\">\n            \n\n<div class=\"kksr-icon\" style=\"width: 22px; height: 22px;\"><\/div>\n        <\/div>\n            <div class=\"kksr-star\" style=\"padding-right: 5px\">\n            \n\n<div class=\"kksr-icon\" style=\"width: 22px; height: 22px;\"><\/div>\n        <\/div>\n    <\/div>\n<\/div>\n                \n\n<div class=\"kksr-legend\" style=\"font-size: 17.6px;\">\n            <span class=\"kksr-muted\">Rate this post<\/span>\n    <\/div>\n    <\/div>\n","protected":false},"excerpt":{"rendered":"<p>The Singer Sported the Season&#8217;s Most Coveted Handbag The accessory everyone coveted was showcased by none other than the singer herself, embodying the pinnacle of French &#8230; <a title=\"At 83, Chantal Goya Rocks the French Bag Everyone is Obsessing Over!\" class=\"read-more\" href=\"https:\/\/ladyandthetrack.com\/articles\/at-83-chantal-goya-rocks-the-french-bag-everyone-is-obsessing-over\/\" aria-label=\"Read more about At 83, Chantal Goya Rocks the French Bag Everyone is Obsessing Over!\">Continue Reading &rarr;<\/a><\/p>\n","protected":false},"author":18,"featured_media":3312,"comment_status":"open","ping_status":"open","sticky":false,"template":"","format":"standard","meta":{"footnotes":""},"categories":[32],"tags":[],"class_list":["post-3311","post","type-post","status-publish","format-standard","has-post-thumbnail","hentry","category-mode"],"yoast_head":"<!-- This site is optimized with the Yoast SEO plugin v25.6 - https:\/\/yoast.com\/wordpress\/plugins\/seo\/ -->\n<title>At 83, Chantal Goya Rocks the French Bag Everyone is Obsessing Over! - Lady and The Track<\/title>\n<meta name=\"robots\" content=\"index, follow, max-snippet:-1, max-image-preview:large, max-video-preview:-1\" \/>\n<link rel=\"canonical\" href=\"https:\/\/ladyandthetrack.com\/articles\/at-83-chantal-goya-rocks-the-french-bag-everyone-is-obsessing-over\/\" \/>\n<meta property=\"og:locale\" content=\"en_US\" \/>\n<meta property=\"og:type\" content=\"article\" \/>\n<meta property=\"og:title\" content=\"At 83, Chantal Goya Rocks the French Bag Everyone is Obsessing Over! - Lady and The Track\" \/>\n<meta property=\"og:description\" content=\"The Singer Sported the Season&#8217;s Most Coveted Handbag The accessory everyone coveted was showcased by none other than the singer herself, embodying the pinnacle of French ... Continue Reading &rarr;\" \/>\n<meta property=\"og:url\" content=\"https:\/\/ladyandthetrack.com\/articles\/at-83-chantal-goya-rocks-the-french-bag-everyone-is-obsessing-over\/\" \/>\n<meta property=\"og:site_name\" content=\"Lady and The Track\" \/>\n<meta property=\"article:published_time\" content=\"2025-12-17T11:45:42+00:00\" \/>\n<meta property=\"article:modified_time\" content=\"2025-12-17T11:45:44+00:00\" \/>\n<meta property=\"og:image\" content=\"https:\/\/ladyandthetrack.com\/articles\/wp-content\/uploads\/2025\/12\/At-83-Chantal-Goya-Rocks-the-French-Bag-Everyone-is.jpg\" \/>\n\t<meta property=\"og:image:width\" content=\"1024\" \/>\n\t<meta property=\"og:image:height\" content=\"768\" \/>\n\t<meta property=\"og:image:type\" content=\"image\/jpeg\" \/>\n<meta name=\"author\" content=\"Olivia Martinez\" \/>\n<meta name=\"twitter:card\" content=\"summary_large_image\" \/>\n<meta name=\"twitter:label1\" content=\"Written by\" \/>\n\t<meta name=\"twitter:data1\" content=\"Olivia Martinez\" \/>\n\t<meta name=\"twitter:label2\" content=\"Est. reading time\" \/>\n\t<meta name=\"twitter:data2\" content=\"1 minute\" \/>\n<script type=\"application\/ld+json\" class=\"yoast-schema-graph\">{\"@context\":\"https:\/\/schema.org\",\"@graph\":[{\"@type\":\"WebPage\",\"@id\":\"https:\/\/ladyandthetrack.com\/articles\/at-83-chantal-goya-rocks-the-french-bag-everyone-is-obsessing-over\/\",\"url\":\"https:\/\/ladyandthetrack.com\/articles\/at-83-chantal-goya-rocks-the-french-bag-everyone-is-obsessing-over\/\",\"name\":\"At 83, Chantal Goya Rocks the French Bag Everyone is Obsessing Over! - Lady and The Track\",\"isPartOf\":{\"@id\":\"https:\/\/ladyandthetrack.com\/articles\/#website\"},\"primaryImageOfPage\":{\"@id\":\"https:\/\/ladyandthetrack.com\/articles\/at-83-chantal-goya-rocks-the-french-bag-everyone-is-obsessing-over\/#primaryimage\"},\"image\":{\"@id\":\"https:\/\/ladyandthetrack.com\/articles\/at-83-chantal-goya-rocks-the-french-bag-everyone-is-obsessing-over\/#primaryimage\"},\"thumbnailUrl\":\"https:\/\/ladyandthetrack.com\/articles\/wp-content\/uploads\/2025\/12\/At-83-Chantal-Goya-Rocks-the-French-Bag-Everyone-is.jpg\",\"datePublished\":\"2025-12-17T11:45:42+00:00\",\"dateModified\":\"2025-12-17T11:45:44+00:00\",\"author\":{\"@id\":\"https:\/\/ladyandthetrack.com\/articles\/#\/schema\/person\/d57f3dfe4e859d9796434d00bd11e446\"},\"breadcrumb\":{\"@id\":\"https:\/\/ladyandthetrack.com\/articles\/at-83-chantal-goya-rocks-the-french-bag-everyone-is-obsessing-over\/#breadcrumb\"},\"inLanguage\":\"en-US\",\"potentialAction\":[{\"@type\":\"ReadAction\",\"target\":[\"https:\/\/ladyandthetrack.com\/articles\/at-83-chantal-goya-rocks-the-french-bag-everyone-is-obsessing-over\/\"]}]},{\"@type\":\"ImageObject\",\"inLanguage\":\"en-US\",\"@id\":\"https:\/\/ladyandthetrack.com\/articles\/at-83-chantal-goya-rocks-the-french-bag-everyone-is-obsessing-over\/#primaryimage\",\"url\":\"https:\/\/ladyandthetrack.com\/articles\/wp-content\/uploads\/2025\/12\/At-83-Chantal-Goya-Rocks-the-French-Bag-Everyone-is.jpg\",\"contentUrl\":\"https:\/\/ladyandthetrack.com\/articles\/wp-content\/uploads\/2025\/12\/At-83-Chantal-Goya-Rocks-the-French-Bag-Everyone-is.jpg\",\"width\":1024,\"height\":768,\"caption\":\"At 83, Chantal Goya Rocks the French Bag Everyone is Obsessing Over!\"},{\"@type\":\"BreadcrumbList\",\"@id\":\"https:\/\/ladyandthetrack.com\/articles\/at-83-chantal-goya-rocks-the-french-bag-everyone-is-obsessing-over\/#breadcrumb\",\"itemListElement\":[{\"@type\":\"ListItem\",\"position\":1,\"name\":\"Accueil\",\"item\":\"https:\/\/ladyandthetrack.com\/articles\/\"},{\"@type\":\"ListItem\",\"position\":2,\"name\":\"At 83, Chantal Goya Rocks the French Bag Everyone is Obsessing Over!\"}]},{\"@type\":\"WebSite\",\"@id\":\"https:\/\/ladyandthetrack.com\/articles\/#website\",\"url\":\"https:\/\/ladyandthetrack.com\/articles\/\",\"name\":\"Lady and The Track\",\"description\":\"\",\"potentialAction\":[{\"@type\":\"SearchAction\",\"target\":{\"@type\":\"EntryPoint\",\"urlTemplate\":\"https:\/\/ladyandthetrack.com\/articles\/?s={search_term_string}\"},\"query-input\":{\"@type\":\"PropertyValueSpecification\",\"valueRequired\":true,\"valueName\":\"search_term_string\"}}],\"inLanguage\":\"en-US\"},{\"@type\":\"Person\",\"@id\":\"https:\/\/ladyandthetrack.com\/articles\/#\/schema\/person\/d57f3dfe4e859d9796434d00bd11e446\",\"name\":\"Olivia Martinez\",\"image\":{\"@type\":\"ImageObject\",\"inLanguage\":\"en-US\",\"@id\":\"https:\/\/ladyandthetrack.com\/articles\/#\/schema\/person\/image\/\",\"url\":\"https:\/\/secure.gravatar.com\/avatar\/1e306175c07fd235d6a2d04a08158825?s=96&d=mm&r=g\",\"contentUrl\":\"https:\/\/secure.gravatar.com\/avatar\/1e306175c07fd235d6a2d04a08158825?s=96&d=mm&r=g\",\"caption\":\"Olivia Martinez\"},\"description\":\"Olivia Martinez is the Fashion Editor at Lady and The Track, bringing over seven years of experience in the fashion industry. With a background in fashion design and styling, Olivia has worked with top fashion brands and magazines. Her keen eye for trends and styling tips helps readers stay ahead of the fashion curve. Whether she\u2019s covering runway shows or street style, Olivia ensures that Lady and The Track readers are always in the know when it comes to the latest in fashion.\",\"sameAs\":[\"https:\/\/ladyandthetrack.com\/\"],\"url\":\"https:\/\/ladyandthetrack.com\/articles\/author\/olivia-martinez\/\"}]}<\/script>\n<!-- \/ Yoast SEO plugin. -->","yoast_head_json":{"title":"At 83, Chantal Goya Rocks the French Bag Everyone is Obsessing Over! - Lady and The Track","robots":{"index":"index","follow":"follow","max-snippet":"max-snippet:-1","max-image-preview":"max-image-preview:large","max-video-preview":"max-video-preview:-1"},"canonical":"https:\/\/ladyandthetrack.com\/articles\/at-83-chantal-goya-rocks-the-french-bag-everyone-is-obsessing-over\/","og_locale":"en_US","og_type":"article","og_title":"At 83, Chantal Goya Rocks the French Bag Everyone is Obsessing Over! - Lady and The Track","og_description":"The Singer Sported the Season&#8217;s Most Coveted Handbag The accessory everyone coveted was showcased by none other than the singer herself, embodying the pinnacle of French ... Continue Reading &rarr;","og_url":"https:\/\/ladyandthetrack.com\/articles\/at-83-chantal-goya-rocks-the-french-bag-everyone-is-obsessing-over\/","og_site_name":"Lady and The Track","article_published_time":"2025-12-17T11:45:42+00:00","article_modified_time":"2025-12-17T11:45:44+00:00","og_image":[{"width":1024,"height":768,"url":"https:\/\/ladyandthetrack.com\/articles\/wp-content\/uploads\/2025\/12\/At-83-Chantal-Goya-Rocks-the-French-Bag-Everyone-is.jpg","type":"image\/jpeg"}],"author":"Olivia Martinez","twitter_card":"summary_large_image","twitter_misc":{"Written by":"Olivia Martinez","Est. reading time":"1 minute"},"schema":{"@context":"https:\/\/schema.org","@graph":[{"@type":"WebPage","@id":"https:\/\/ladyandthetrack.com\/articles\/at-83-chantal-goya-rocks-the-french-bag-everyone-is-obsessing-over\/","url":"https:\/\/ladyandthetrack.com\/articles\/at-83-chantal-goya-rocks-the-french-bag-everyone-is-obsessing-over\/","name":"At 83, Chantal Goya Rocks the French Bag Everyone is Obsessing Over! - Lady and The Track","isPartOf":{"@id":"https:\/\/ladyandthetrack.com\/articles\/#website"},"primaryImageOfPage":{"@id":"https:\/\/ladyandthetrack.com\/articles\/at-83-chantal-goya-rocks-the-french-bag-everyone-is-obsessing-over\/#primaryimage"},"image":{"@id":"https:\/\/ladyandthetrack.com\/articles\/at-83-chantal-goya-rocks-the-french-bag-everyone-is-obsessing-over\/#primaryimage"},"thumbnailUrl":"https:\/\/ladyandthetrack.com\/articles\/wp-content\/uploads\/2025\/12\/At-83-Chantal-Goya-Rocks-the-French-Bag-Everyone-is.jpg","datePublished":"2025-12-17T11:45:42+00:00","dateModified":"2025-12-17T11:45:44+00:00","author":{"@id":"https:\/\/ladyandthetrack.com\/articles\/#\/schema\/person\/d57f3dfe4e859d9796434d00bd11e446"},"breadcrumb":{"@id":"https:\/\/ladyandthetrack.com\/articles\/at-83-chantal-goya-rocks-the-french-bag-everyone-is-obsessing-over\/#breadcrumb"},"inLanguage":"en-US","potentialAction":[{"@type":"ReadAction","target":["https:\/\/ladyandthetrack.com\/articles\/at-83-chantal-goya-rocks-the-french-bag-everyone-is-obsessing-over\/"]}]},{"@type":"ImageObject","inLanguage":"en-US","@id":"https:\/\/ladyandthetrack.com\/articles\/at-83-chantal-goya-rocks-the-french-bag-everyone-is-obsessing-over\/#primaryimage","url":"https:\/\/ladyandthetrack.com\/articles\/wp-content\/uploads\/2025\/12\/At-83-Chantal-Goya-Rocks-the-French-Bag-Everyone-is.jpg","contentUrl":"https:\/\/ladyandthetrack.com\/articles\/wp-content\/uploads\/2025\/12\/At-83-Chantal-Goya-Rocks-the-French-Bag-Everyone-is.jpg","width":1024,"height":768,"caption":"At 83, Chantal Goya Rocks the French Bag Everyone is Obsessing Over!"},{"@type":"BreadcrumbList","@id":"https:\/\/ladyandthetrack.com\/articles\/at-83-chantal-goya-rocks-the-french-bag-everyone-is-obsessing-over\/#breadcrumb","itemListElement":[{"@type":"ListItem","position":1,"name":"Accueil","item":"https:\/\/ladyandthetrack.com\/articles\/"},{"@type":"ListItem","position":2,"name":"At 83, Chantal Goya Rocks the French Bag Everyone is Obsessing Over!"}]},{"@type":"WebSite","@id":"https:\/\/ladyandthetrack.com\/articles\/#website","url":"https:\/\/ladyandthetrack.com\/articles\/","name":"Lady and The Track","description":"","potentialAction":[{"@type":"SearchAction","target":{"@type":"EntryPoint","urlTemplate":"https:\/\/ladyandthetrack.com\/articles\/?s={search_term_string}"},"query-input":{"@type":"PropertyValueSpecification","valueRequired":true,"valueName":"search_term_string"}}],"inLanguage":"en-US"},{"@type":"Person","@id":"https:\/\/ladyandthetrack.com\/articles\/#\/schema\/person\/d57f3dfe4e859d9796434d00bd11e446","name":"Olivia Martinez","image":{"@type":"ImageObject","inLanguage":"en-US","@id":"https:\/\/ladyandthetrack.com\/articles\/#\/schema\/person\/image\/","url":"https:\/\/secure.gravatar.com\/avatar\/1e306175c07fd235d6a2d04a08158825?s=96&d=mm&r=g","contentUrl":"https:\/\/secure.gravatar.com\/avatar\/1e306175c07fd235d6a2d04a08158825?s=96&d=mm&r=g","caption":"Olivia Martinez"},"description":"Olivia Martinez is the Fashion Editor at Lady and The Track, bringing over seven years of experience in the fashion industry. With a background in fashion design and styling, Olivia has worked with top fashion brands and magazines. Her keen eye for trends and styling tips helps readers stay ahead of the fashion curve. Whether she\u2019s covering runway shows or street style, Olivia ensures that Lady and The Track readers are always in the know when it comes to the latest in fashion.","sameAs":["https:\/\/ladyandthetrack.com\/"],"url":"https:\/\/ladyandthetrack.com\/articles\/author\/olivia-martinez\/"}]}},"_links":{"self":[{"href":"https:\/\/ladyandthetrack.com\/articles\/wp-json\/wp\/v2\/posts\/3311"}],"collection":[{"href":"https:\/\/ladyandthetrack.com\/articles\/wp-json\/wp\/v2\/posts"}],"about":[{"href":"https:\/\/ladyandthetrack.com\/articles\/wp-json\/wp\/v2\/types\/post"}],"author":[{"embeddable":true,"href":"https:\/\/ladyandthetrack.com\/articles\/wp-json\/wp\/v2\/users\/18"}],"replies":[{"embeddable":true,"href":"https:\/\/ladyandthetrack.com\/articles\/wp-json\/wp\/v2\/comments?post=3311"}],"version-history":[{"count":1,"href":"https:\/\/ladyandthetrack.com\/articles\/wp-json\/wp\/v2\/posts\/3311\/revisions"}],"predecessor-version":[{"id":3313,"href":"https:\/\/ladyandthetrack.com\/articles\/wp-json\/wp\/v2\/posts\/3311\/revisions\/3313"}],"wp:featuredmedia":[{"embeddable":true,"href":"https:\/\/ladyandthetrack.com\/articles\/wp-json\/wp\/v2\/media\/3312"}],"wp:attachment":[{"href":"https:\/\/ladyandthetrack.com\/articles\/wp-json\/wp\/v2\/media?parent=3311"}],"wp:term":[{"taxonomy":"category","embeddable":true,"href":"https:\/\/ladyandthetrack.com\/articles\/wp-json\/wp\/v2\/categories?post=3311"},{"taxonomy":"post_tag","embeddable":true,"href":"https:\/\/ladyandthetrack.com\/articles\/wp-json\/wp\/v2\/tags?post=3311"}],"curies":[{"name":"wp","href":"https:\/\/api.w.org\/{rel}","templated":true}]}}