{"id":2438,"date":"2025-07-23T08:53:22","date_gmt":"2025-07-23T12:53:22","guid":{"rendered":"https:\/\/ladyandthetrack.com\/articles\/sophie-of-edinburgh-rocks-royal-day-look-with-chic-french-accessory\/"},"modified":"2025-07-23T08:53:24","modified_gmt":"2025-07-23T12:53:24","slug":"sophie-of-edinburgh-rocks-royal-day-look-with-chic-french-accessory","status":"publish","type":"post","link":"https:\/\/ladyandthetrack.com\/articles\/sophie-of-edinburgh-rocks-royal-day-look-with-chic-french-accessory\/","title":{"rendered":"Sophie of Edinburgh Rocks Royal Day Look with Chic French Accessory!"},"content":{"rendered":"<h2>Thoughtful Accessories Can Transform an Outfit from Formal to Casual<\/h2>\n<p>Indeed, the Duchess of Edinburgh has demonstrated how the right fashion pieces, including summer footwear, can entirely alter an ensemble&#8217;s appearance. Take a look at these photos.<\/p>\n<h3>The Fashion Evolution of Duchess Sophie of Edinburgh from Young to Today in 30 Photos<\/h3>\n<p>\u00a9 Jonathan Brady\/PA Wire\/ABACAPRESS.COM<\/p>\n<p>On July 10, Sophie of Edinburgh began her three-day state visit to Bosnia-Herzegovina. On the first day of her trip, she showcased an accessory that highlighted French craftsmanship.<\/p>\n<p>King Charles III sent his sister-in-law to Sarajevo to mark the 30th anniversary of the Srebrenica massacre. President \u017deljko Kom\u0161i\u0107 welcomed the wife of Edward, who appeared in a stylish, unadorned outfit. She wore a Prada polka dot shirt dress that cleverly accentuated her waist. The dress&#8217;s contrasting collar and cuffs matched the beige clutch chosen by Sophie of Edinburgh, specifically the &#8220;Taormina&#8221; model from the Sophie Habsburg brand, which she particularly favors. Finally, her look was completed with Giulia Barela&#8217;s golden &#8220;Poetica&#8221; earrings.<\/p>\n<p>After being received at the Presidential Building, the Duchess of Edinburgh visited the old city of Sarajevo, making a subtle fashion change. To walk through the cobblestone streets, the mother of two smartly switched her high heels for more comfortable shoes. For this, she chose iconic French footwear: espadrilles.<\/p>\n<p>Traditionally made in the Basque Country, espadrilles are perfect summer shoes and are essential in any wardrobe.<\/p>\n<p>Sophie of Edinburgh opted for the &#8220;Valencia&#8221; platform model from the Toms brand in a nude color. At 60 years old, the British royal successfully transformed her elegant outfit into a very stylish daytime look.<\/p>\n\n\n<div class=\"kk-star-ratings kksr-auto kksr-align-left kksr-valign-bottom\"\n    data-payload='{&quot;align&quot;:&quot;left&quot;,&quot;id&quot;:&quot;2438&quot;,&quot;slug&quot;:&quot;default&quot;,&quot;valign&quot;:&quot;bottom&quot;,&quot;ignore&quot;:&quot;&quot;,&quot;reference&quot;:&quot;auto&quot;,&quot;class&quot;:&quot;&quot;,&quot;count&quot;:&quot;0&quot;,&quot;legendonly&quot;:&quot;&quot;,&quot;readonly&quot;:&quot;&quot;,&quot;score&quot;:&quot;0&quot;,&quot;starsonly&quot;:&quot;&quot;,&quot;best&quot;:&quot;5&quot;,&quot;gap&quot;:&quot;5&quot;,&quot;greet&quot;:&quot;Rate this post&quot;,&quot;legend&quot;:&quot;0\\\/5 - (0 votes)&quot;,&quot;size&quot;:&quot;22&quot;,&quot;title&quot;:&quot;Sophie of Edinburgh Rocks Royal Day Look with Chic French Accessory!&quot;,&quot;width&quot;:&quot;0&quot;,&quot;_legend&quot;:&quot;{score}\\\/{best} - ({count} {votes})&quot;,&quot;font_factor&quot;:&quot;1.25&quot;}'>\n            \n<div class=\"kksr-stars\">\n    \n<div class=\"kksr-stars-inactive\">\n            <div class=\"kksr-star\" data-star=\"1\" style=\"padding-right: 5px\">\n            \n\n<div class=\"kksr-icon\" style=\"width: 22px; height: 22px;\"><\/div>\n        <\/div>\n            <div class=\"kksr-star\" data-star=\"2\" style=\"padding-right: 5px\">\n            \n\n<div class=\"kksr-icon\" style=\"width: 22px; height: 22px;\"><\/div>\n        <\/div>\n            <div class=\"kksr-star\" data-star=\"3\" style=\"padding-right: 5px\">\n            \n\n<div class=\"kksr-icon\" style=\"width: 22px; height: 22px;\"><\/div>\n        <\/div>\n            <div class=\"kksr-star\" data-star=\"4\" style=\"padding-right: 5px\">\n            \n\n<div class=\"kksr-icon\" style=\"width: 22px; height: 22px;\"><\/div>\n        <\/div>\n            <div class=\"kksr-star\" data-star=\"5\" style=\"padding-right: 5px\">\n            \n\n<div class=\"kksr-icon\" style=\"width: 22px; height: 22px;\"><\/div>\n        <\/div>\n    <\/div>\n    \n<div class=\"kksr-stars-active\" style=\"width: 0px;\">\n            <div class=\"kksr-star\" style=\"padding-right: 5px\">\n            \n\n<div class=\"kksr-icon\" style=\"width: 22px; height: 22px;\"><\/div>\n        <\/div>\n            <div class=\"kksr-star\" style=\"padding-right: 5px\">\n            \n\n<div class=\"kksr-icon\" style=\"width: 22px; height: 22px;\"><\/div>\n        <\/div>\n            <div class=\"kksr-star\" style=\"padding-right: 5px\">\n            \n\n<div class=\"kksr-icon\" style=\"width: 22px; height: 22px;\"><\/div>\n        <\/div>\n            <div class=\"kksr-star\" style=\"padding-right: 5px\">\n            \n\n<div class=\"kksr-icon\" style=\"width: 22px; height: 22px;\"><\/div>\n        <\/div>\n            <div class=\"kksr-star\" style=\"padding-right: 5px\">\n            \n\n<div class=\"kksr-icon\" style=\"width: 22px; height: 22px;\"><\/div>\n        <\/div>\n    <\/div>\n<\/div>\n                \n\n<div class=\"kksr-legend\" style=\"font-size: 17.6px;\">\n            <span class=\"kksr-muted\">Rate this post<\/span>\n    <\/div>\n    <\/div>\n","protected":false},"excerpt":{"rendered":"<p>Thoughtful Accessories Can Transform an Outfit from Formal to Casual Indeed, the Duchess of Edinburgh has demonstrated how the right fashion pieces, including summer footwear, can &#8230; <a title=\"Sophie of Edinburgh Rocks Royal Day Look with Chic French Accessory!\" class=\"read-more\" href=\"https:\/\/ladyandthetrack.com\/articles\/sophie-of-edinburgh-rocks-royal-day-look-with-chic-french-accessory\/\" aria-label=\"Read more about Sophie of Edinburgh Rocks Royal Day Look with Chic French Accessory!\">Continue Reading &rarr;<\/a><\/p>\n","protected":false},"author":18,"featured_media":2439,"comment_status":"open","ping_status":"open","sticky":false,"template":"","format":"standard","meta":{"footnotes":""},"categories":[32],"tags":[],"class_list":["post-2438","post","type-post","status-publish","format-standard","has-post-thumbnail","hentry","category-mode"],"yoast_head":"<!-- This site is optimized with the Yoast SEO plugin v25.6 - https:\/\/yoast.com\/wordpress\/plugins\/seo\/ -->\n<title>Sophie of Edinburgh Rocks Royal Day Look with Chic French Accessory! - Lady and The Track<\/title>\n<meta name=\"robots\" content=\"index, follow, max-snippet:-1, max-image-preview:large, max-video-preview:-1\" \/>\n<link rel=\"canonical\" href=\"https:\/\/ladyandthetrack.com\/articles\/sophie-of-edinburgh-rocks-royal-day-look-with-chic-french-accessory\/\" \/>\n<meta property=\"og:locale\" content=\"en_US\" \/>\n<meta property=\"og:type\" content=\"article\" \/>\n<meta property=\"og:title\" content=\"Sophie of Edinburgh Rocks Royal Day Look with Chic French Accessory! - Lady and The Track\" \/>\n<meta property=\"og:description\" content=\"Thoughtful Accessories Can Transform an Outfit from Formal to Casual Indeed, the Duchess of Edinburgh has demonstrated how the right fashion pieces, including summer footwear, can ... Continue Reading &rarr;\" \/>\n<meta property=\"og:url\" content=\"https:\/\/ladyandthetrack.com\/articles\/sophie-of-edinburgh-rocks-royal-day-look-with-chic-french-accessory\/\" \/>\n<meta property=\"og:site_name\" content=\"Lady and The Track\" \/>\n<meta property=\"article:published_time\" content=\"2025-07-23T12:53:22+00:00\" \/>\n<meta property=\"article:modified_time\" content=\"2025-07-23T12:53:24+00:00\" \/>\n<meta property=\"og:image\" content=\"https:\/\/ladyandthetrack.com\/articles\/wp-content\/uploads\/2025\/07\/Sophie-of-Edinburgh-Rocks-Royal-Day-Look-with-Chic-French.jpg\" \/>\n\t<meta property=\"og:image:width\" content=\"1024\" \/>\n\t<meta property=\"og:image:height\" content=\"768\" \/>\n\t<meta property=\"og:image:type\" content=\"image\/jpeg\" \/>\n<meta name=\"author\" content=\"Olivia Martinez\" \/>\n<meta name=\"twitter:card\" content=\"summary_large_image\" \/>\n<meta name=\"twitter:label1\" content=\"Written by\" \/>\n\t<meta name=\"twitter:data1\" content=\"Olivia Martinez\" \/>\n\t<meta name=\"twitter:label2\" content=\"Est. reading time\" \/>\n\t<meta name=\"twitter:data2\" content=\"1 minute\" \/>\n<script type=\"application\/ld+json\" class=\"yoast-schema-graph\">{\"@context\":\"https:\/\/schema.org\",\"@graph\":[{\"@type\":\"WebPage\",\"@id\":\"https:\/\/ladyandthetrack.com\/articles\/sophie-of-edinburgh-rocks-royal-day-look-with-chic-french-accessory\/\",\"url\":\"https:\/\/ladyandthetrack.com\/articles\/sophie-of-edinburgh-rocks-royal-day-look-with-chic-french-accessory\/\",\"name\":\"Sophie of Edinburgh Rocks Royal Day Look with Chic French Accessory! - Lady and The Track\",\"isPartOf\":{\"@id\":\"https:\/\/ladyandthetrack.com\/articles\/#website\"},\"primaryImageOfPage\":{\"@id\":\"https:\/\/ladyandthetrack.com\/articles\/sophie-of-edinburgh-rocks-royal-day-look-with-chic-french-accessory\/#primaryimage\"},\"image\":{\"@id\":\"https:\/\/ladyandthetrack.com\/articles\/sophie-of-edinburgh-rocks-royal-day-look-with-chic-french-accessory\/#primaryimage\"},\"thumbnailUrl\":\"https:\/\/ladyandthetrack.com\/articles\/wp-content\/uploads\/2025\/07\/Sophie-of-Edinburgh-Rocks-Royal-Day-Look-with-Chic-French.jpg\",\"datePublished\":\"2025-07-23T12:53:22+00:00\",\"dateModified\":\"2025-07-23T12:53:24+00:00\",\"author\":{\"@id\":\"https:\/\/ladyandthetrack.com\/articles\/#\/schema\/person\/d57f3dfe4e859d9796434d00bd11e446\"},\"breadcrumb\":{\"@id\":\"https:\/\/ladyandthetrack.com\/articles\/sophie-of-edinburgh-rocks-royal-day-look-with-chic-french-accessory\/#breadcrumb\"},\"inLanguage\":\"en-US\",\"potentialAction\":[{\"@type\":\"ReadAction\",\"target\":[\"https:\/\/ladyandthetrack.com\/articles\/sophie-of-edinburgh-rocks-royal-day-look-with-chic-french-accessory\/\"]}]},{\"@type\":\"ImageObject\",\"inLanguage\":\"en-US\",\"@id\":\"https:\/\/ladyandthetrack.com\/articles\/sophie-of-edinburgh-rocks-royal-day-look-with-chic-french-accessory\/#primaryimage\",\"url\":\"https:\/\/ladyandthetrack.com\/articles\/wp-content\/uploads\/2025\/07\/Sophie-of-Edinburgh-Rocks-Royal-Day-Look-with-Chic-French.jpg\",\"contentUrl\":\"https:\/\/ladyandthetrack.com\/articles\/wp-content\/uploads\/2025\/07\/Sophie-of-Edinburgh-Rocks-Royal-Day-Look-with-Chic-French.jpg\",\"width\":1024,\"height\":768,\"caption\":\"Sophie of Edinburgh Rocks Royal Day Look with Chic French Accessory!\"},{\"@type\":\"BreadcrumbList\",\"@id\":\"https:\/\/ladyandthetrack.com\/articles\/sophie-of-edinburgh-rocks-royal-day-look-with-chic-french-accessory\/#breadcrumb\",\"itemListElement\":[{\"@type\":\"ListItem\",\"position\":1,\"name\":\"Accueil\",\"item\":\"https:\/\/ladyandthetrack.com\/articles\/\"},{\"@type\":\"ListItem\",\"position\":2,\"name\":\"Sophie of Edinburgh Rocks Royal Day Look with Chic French Accessory!\"}]},{\"@type\":\"WebSite\",\"@id\":\"https:\/\/ladyandthetrack.com\/articles\/#website\",\"url\":\"https:\/\/ladyandthetrack.com\/articles\/\",\"name\":\"Lady and The Track\",\"description\":\"\",\"potentialAction\":[{\"@type\":\"SearchAction\",\"target\":{\"@type\":\"EntryPoint\",\"urlTemplate\":\"https:\/\/ladyandthetrack.com\/articles\/?s={search_term_string}\"},\"query-input\":{\"@type\":\"PropertyValueSpecification\",\"valueRequired\":true,\"valueName\":\"search_term_string\"}}],\"inLanguage\":\"en-US\"},{\"@type\":\"Person\",\"@id\":\"https:\/\/ladyandthetrack.com\/articles\/#\/schema\/person\/d57f3dfe4e859d9796434d00bd11e446\",\"name\":\"Olivia Martinez\",\"image\":{\"@type\":\"ImageObject\",\"inLanguage\":\"en-US\",\"@id\":\"https:\/\/ladyandthetrack.com\/articles\/#\/schema\/person\/image\/\",\"url\":\"https:\/\/secure.gravatar.com\/avatar\/1e306175c07fd235d6a2d04a08158825?s=96&d=mm&r=g\",\"contentUrl\":\"https:\/\/secure.gravatar.com\/avatar\/1e306175c07fd235d6a2d04a08158825?s=96&d=mm&r=g\",\"caption\":\"Olivia Martinez\"},\"description\":\"Olivia Martinez is the Fashion Editor at Lady and The Track, bringing over seven years of experience in the fashion industry. With a background in fashion design and styling, Olivia has worked with top fashion brands and magazines. Her keen eye for trends and styling tips helps readers stay ahead of the fashion curve. Whether she\u2019s covering runway shows or street style, Olivia ensures that Lady and The Track readers are always in the know when it comes to the latest in fashion.\",\"sameAs\":[\"https:\/\/ladyandthetrack.com\/\"],\"url\":\"https:\/\/ladyandthetrack.com\/articles\/author\/olivia-martinez\/\"}]}<\/script>\n<!-- \/ Yoast SEO plugin. -->","yoast_head_json":{"title":"Sophie of Edinburgh Rocks Royal Day Look with Chic French Accessory! - Lady and The Track","robots":{"index":"index","follow":"follow","max-snippet":"max-snippet:-1","max-image-preview":"max-image-preview:large","max-video-preview":"max-video-preview:-1"},"canonical":"https:\/\/ladyandthetrack.com\/articles\/sophie-of-edinburgh-rocks-royal-day-look-with-chic-french-accessory\/","og_locale":"en_US","og_type":"article","og_title":"Sophie of Edinburgh Rocks Royal Day Look with Chic French Accessory! - Lady and The Track","og_description":"Thoughtful Accessories Can Transform an Outfit from Formal to Casual Indeed, the Duchess of Edinburgh has demonstrated how the right fashion pieces, including summer footwear, can ... Continue Reading &rarr;","og_url":"https:\/\/ladyandthetrack.com\/articles\/sophie-of-edinburgh-rocks-royal-day-look-with-chic-french-accessory\/","og_site_name":"Lady and The Track","article_published_time":"2025-07-23T12:53:22+00:00","article_modified_time":"2025-07-23T12:53:24+00:00","og_image":[{"width":1024,"height":768,"url":"https:\/\/ladyandthetrack.com\/articles\/wp-content\/uploads\/2025\/07\/Sophie-of-Edinburgh-Rocks-Royal-Day-Look-with-Chic-French.jpg","type":"image\/jpeg"}],"author":"Olivia Martinez","twitter_card":"summary_large_image","twitter_misc":{"Written by":"Olivia Martinez","Est. reading time":"1 minute"},"schema":{"@context":"https:\/\/schema.org","@graph":[{"@type":"WebPage","@id":"https:\/\/ladyandthetrack.com\/articles\/sophie-of-edinburgh-rocks-royal-day-look-with-chic-french-accessory\/","url":"https:\/\/ladyandthetrack.com\/articles\/sophie-of-edinburgh-rocks-royal-day-look-with-chic-french-accessory\/","name":"Sophie of Edinburgh Rocks Royal Day Look with Chic French Accessory! - Lady and The Track","isPartOf":{"@id":"https:\/\/ladyandthetrack.com\/articles\/#website"},"primaryImageOfPage":{"@id":"https:\/\/ladyandthetrack.com\/articles\/sophie-of-edinburgh-rocks-royal-day-look-with-chic-french-accessory\/#primaryimage"},"image":{"@id":"https:\/\/ladyandthetrack.com\/articles\/sophie-of-edinburgh-rocks-royal-day-look-with-chic-french-accessory\/#primaryimage"},"thumbnailUrl":"https:\/\/ladyandthetrack.com\/articles\/wp-content\/uploads\/2025\/07\/Sophie-of-Edinburgh-Rocks-Royal-Day-Look-with-Chic-French.jpg","datePublished":"2025-07-23T12:53:22+00:00","dateModified":"2025-07-23T12:53:24+00:00","author":{"@id":"https:\/\/ladyandthetrack.com\/articles\/#\/schema\/person\/d57f3dfe4e859d9796434d00bd11e446"},"breadcrumb":{"@id":"https:\/\/ladyandthetrack.com\/articles\/sophie-of-edinburgh-rocks-royal-day-look-with-chic-french-accessory\/#breadcrumb"},"inLanguage":"en-US","potentialAction":[{"@type":"ReadAction","target":["https:\/\/ladyandthetrack.com\/articles\/sophie-of-edinburgh-rocks-royal-day-look-with-chic-french-accessory\/"]}]},{"@type":"ImageObject","inLanguage":"en-US","@id":"https:\/\/ladyandthetrack.com\/articles\/sophie-of-edinburgh-rocks-royal-day-look-with-chic-french-accessory\/#primaryimage","url":"https:\/\/ladyandthetrack.com\/articles\/wp-content\/uploads\/2025\/07\/Sophie-of-Edinburgh-Rocks-Royal-Day-Look-with-Chic-French.jpg","contentUrl":"https:\/\/ladyandthetrack.com\/articles\/wp-content\/uploads\/2025\/07\/Sophie-of-Edinburgh-Rocks-Royal-Day-Look-with-Chic-French.jpg","width":1024,"height":768,"caption":"Sophie of Edinburgh Rocks Royal Day Look with Chic French Accessory!"},{"@type":"BreadcrumbList","@id":"https:\/\/ladyandthetrack.com\/articles\/sophie-of-edinburgh-rocks-royal-day-look-with-chic-french-accessory\/#breadcrumb","itemListElement":[{"@type":"ListItem","position":1,"name":"Accueil","item":"https:\/\/ladyandthetrack.com\/articles\/"},{"@type":"ListItem","position":2,"name":"Sophie of Edinburgh Rocks Royal Day Look with Chic French Accessory!"}]},{"@type":"WebSite","@id":"https:\/\/ladyandthetrack.com\/articles\/#website","url":"https:\/\/ladyandthetrack.com\/articles\/","name":"Lady and The Track","description":"","potentialAction":[{"@type":"SearchAction","target":{"@type":"EntryPoint","urlTemplate":"https:\/\/ladyandthetrack.com\/articles\/?s={search_term_string}"},"query-input":{"@type":"PropertyValueSpecification","valueRequired":true,"valueName":"search_term_string"}}],"inLanguage":"en-US"},{"@type":"Person","@id":"https:\/\/ladyandthetrack.com\/articles\/#\/schema\/person\/d57f3dfe4e859d9796434d00bd11e446","name":"Olivia Martinez","image":{"@type":"ImageObject","inLanguage":"en-US","@id":"https:\/\/ladyandthetrack.com\/articles\/#\/schema\/person\/image\/","url":"https:\/\/secure.gravatar.com\/avatar\/1e306175c07fd235d6a2d04a08158825?s=96&d=mm&r=g","contentUrl":"https:\/\/secure.gravatar.com\/avatar\/1e306175c07fd235d6a2d04a08158825?s=96&d=mm&r=g","caption":"Olivia Martinez"},"description":"Olivia Martinez is the Fashion Editor at Lady and The Track, bringing over seven years of experience in the fashion industry. With a background in fashion design and styling, Olivia has worked with top fashion brands and magazines. Her keen eye for trends and styling tips helps readers stay ahead of the fashion curve. Whether she\u2019s covering runway shows or street style, Olivia ensures that Lady and The Track readers are always in the know when it comes to the latest in fashion.","sameAs":["https:\/\/ladyandthetrack.com\/"],"url":"https:\/\/ladyandthetrack.com\/articles\/author\/olivia-martinez\/"}]}},"_links":{"self":[{"href":"https:\/\/ladyandthetrack.com\/articles\/wp-json\/wp\/v2\/posts\/2438"}],"collection":[{"href":"https:\/\/ladyandthetrack.com\/articles\/wp-json\/wp\/v2\/posts"}],"about":[{"href":"https:\/\/ladyandthetrack.com\/articles\/wp-json\/wp\/v2\/types\/post"}],"author":[{"embeddable":true,"href":"https:\/\/ladyandthetrack.com\/articles\/wp-json\/wp\/v2\/users\/18"}],"replies":[{"embeddable":true,"href":"https:\/\/ladyandthetrack.com\/articles\/wp-json\/wp\/v2\/comments?post=2438"}],"version-history":[{"count":1,"href":"https:\/\/ladyandthetrack.com\/articles\/wp-json\/wp\/v2\/posts\/2438\/revisions"}],"predecessor-version":[{"id":2440,"href":"https:\/\/ladyandthetrack.com\/articles\/wp-json\/wp\/v2\/posts\/2438\/revisions\/2440"}],"wp:featuredmedia":[{"embeddable":true,"href":"https:\/\/ladyandthetrack.com\/articles\/wp-json\/wp\/v2\/media\/2439"}],"wp:attachment":[{"href":"https:\/\/ladyandthetrack.com\/articles\/wp-json\/wp\/v2\/media?parent=2438"}],"wp:term":[{"taxonomy":"category","embeddable":true,"href":"https:\/\/ladyandthetrack.com\/articles\/wp-json\/wp\/v2\/categories?post=2438"},{"taxonomy":"post_tag","embeddable":true,"href":"https:\/\/ladyandthetrack.com\/articles\/wp-json\/wp\/v2\/tags?post=2438"}],"curies":[{"name":"wp","href":"https:\/\/api.w.org\/{rel}","templated":true}]}}