{"id":2120,"date":"2025-05-30T09:30:13","date_gmt":"2025-05-30T13:30:13","guid":{"rendered":"https:\/\/ladyandthetrack.com\/articles\/at-over-50-valerie-trierweiler-dares-to-wear-her-teenage-outfit-again\/"},"modified":"2025-05-30T09:30:14","modified_gmt":"2025-05-30T13:30:14","slug":"at-over-50-valerie-trierweiler-dares-to-wear-her-teenage-outfit-again","status":"publish","type":"post","link":"https:\/\/ladyandthetrack.com\/articles\/at-over-50-valerie-trierweiler-dares-to-wear-her-teenage-outfit-again\/","title":{"rendered":"At Over 50, Val\u00e9rie Trierweiler Dares to Wear Her Teenage Outfit Again!"},"content":{"rendered":"<h2>Val\u00e9rie Trierweiler Embraces Change in Fashion and Life<\/h2>\n<p>Val\u00e9rie Trierweiler recently spoke to Gala about her new book, &#8220;C&#8217;est pour une amie: manuel \u00e0 l&#8217;usage des quinquas,&#8221; co-authored with Constance Vergara, where she discussed the transitions women face as they age.<\/p>\n<p>In the interview, Trierweiler shared insights on how women over fifty experience significant life changes, including menopause and shifts in relationship dynamics. She also touched on how perceptions of love evolve during this stage of life. From a fashion perspective, the former First Lady of France revealed how her style has transformed post-fifty. &#8220;You start to let go of contradictions and ambivalences. You might desire Monica Bellucci&#8217;s curves and Angelina Jolie&#8217;s slimness,&#8221; Trierweiler commented. She also mentioned adopting a new fashion habit: &#8220;I started wearing jeans after turning fifty. I hadn\u2019t worn them since I was 16!&#8221; Now at 60, Trierweiler has shifted her focus towards comfort, moving away from the sharp heels and tailored suits of her thirties, which she wore to project seriousness in her journalistic career.<\/p>\n<h2>Stylistic Reinvention During Her Time as First Lady<\/h2>\n<p>During her early fifties, while serving as France&#8217;s First Lady, Trierweiler underwent a style transformation with the help of her stylist, Amor Ouni. Ouni, who has worked with international stars like Beyonc\u00e9, Rihanna, and Madonna, provided the reassurance and expertise she needed. &#8220;I think it was more comforting for her to have a professional by her side,&#8221; he told Madame Figaro.<\/p>\n<p>Trierweiler&#8217;s fashion goal was to embody a &#8220;normal chic&#8221; First Lady, a look she successfully achieved, redefining her public image through her wardrobe choices under the guidance of her trusted stylist. <\/p>\n<p>This phase of Trierweiler&#8217;s life highlights her journey not only in adapting to age-related changes but also in embracing a new chapter of life with confidence and grace.<\/p>\n\n\n<div class=\"kk-star-ratings kksr-auto kksr-align-left kksr-valign-bottom\"\n    data-payload='{&quot;align&quot;:&quot;left&quot;,&quot;id&quot;:&quot;2120&quot;,&quot;slug&quot;:&quot;default&quot;,&quot;valign&quot;:&quot;bottom&quot;,&quot;ignore&quot;:&quot;&quot;,&quot;reference&quot;:&quot;auto&quot;,&quot;class&quot;:&quot;&quot;,&quot;count&quot;:&quot;0&quot;,&quot;legendonly&quot;:&quot;&quot;,&quot;readonly&quot;:&quot;&quot;,&quot;score&quot;:&quot;0&quot;,&quot;starsonly&quot;:&quot;&quot;,&quot;best&quot;:&quot;5&quot;,&quot;gap&quot;:&quot;5&quot;,&quot;greet&quot;:&quot;Rate this post&quot;,&quot;legend&quot;:&quot;0\\\/5 - (0 votes)&quot;,&quot;size&quot;:&quot;22&quot;,&quot;title&quot;:&quot;At Over 50, Val\u00e9rie Trierweiler Dares to Wear Her Teenage Outfit Again!&quot;,&quot;width&quot;:&quot;0&quot;,&quot;_legend&quot;:&quot;{score}\\\/{best} - ({count} {votes})&quot;,&quot;font_factor&quot;:&quot;1.25&quot;}'>\n            \n<div class=\"kksr-stars\">\n    \n<div class=\"kksr-stars-inactive\">\n            <div class=\"kksr-star\" data-star=\"1\" style=\"padding-right: 5px\">\n            \n\n<div class=\"kksr-icon\" style=\"width: 22px; height: 22px;\"><\/div>\n        <\/div>\n            <div class=\"kksr-star\" data-star=\"2\" style=\"padding-right: 5px\">\n            \n\n<div class=\"kksr-icon\" style=\"width: 22px; height: 22px;\"><\/div>\n        <\/div>\n            <div class=\"kksr-star\" data-star=\"3\" style=\"padding-right: 5px\">\n            \n\n<div class=\"kksr-icon\" style=\"width: 22px; height: 22px;\"><\/div>\n        <\/div>\n            <div class=\"kksr-star\" data-star=\"4\" style=\"padding-right: 5px\">\n            \n\n<div class=\"kksr-icon\" style=\"width: 22px; height: 22px;\"><\/div>\n        <\/div>\n            <div class=\"kksr-star\" data-star=\"5\" style=\"padding-right: 5px\">\n            \n\n<div class=\"kksr-icon\" style=\"width: 22px; height: 22px;\"><\/div>\n        <\/div>\n    <\/div>\n    \n<div class=\"kksr-stars-active\" style=\"width: 0px;\">\n            <div class=\"kksr-star\" style=\"padding-right: 5px\">\n            \n\n<div class=\"kksr-icon\" style=\"width: 22px; height: 22px;\"><\/div>\n        <\/div>\n            <div class=\"kksr-star\" style=\"padding-right: 5px\">\n            \n\n<div class=\"kksr-icon\" style=\"width: 22px; height: 22px;\"><\/div>\n        <\/div>\n            <div class=\"kksr-star\" style=\"padding-right: 5px\">\n            \n\n<div class=\"kksr-icon\" style=\"width: 22px; height: 22px;\"><\/div>\n        <\/div>\n            <div class=\"kksr-star\" style=\"padding-right: 5px\">\n            \n\n<div class=\"kksr-icon\" style=\"width: 22px; height: 22px;\"><\/div>\n        <\/div>\n            <div class=\"kksr-star\" style=\"padding-right: 5px\">\n            \n\n<div class=\"kksr-icon\" style=\"width: 22px; height: 22px;\"><\/div>\n        <\/div>\n    <\/div>\n<\/div>\n                \n\n<div class=\"kksr-legend\" style=\"font-size: 17.6px;\">\n            <span class=\"kksr-muted\">Rate this post<\/span>\n    <\/div>\n    <\/div>\n","protected":false},"excerpt":{"rendered":"<p>Val\u00e9rie Trierweiler Embraces Change in Fashion and Life Val\u00e9rie Trierweiler recently spoke to Gala about her new book, &#8220;C&#8217;est pour une amie: manuel \u00e0 l&#8217;usage des &#8230; <a title=\"At Over 50, Val\u00e9rie Trierweiler Dares to Wear Her Teenage Outfit Again!\" class=\"read-more\" href=\"https:\/\/ladyandthetrack.com\/articles\/at-over-50-valerie-trierweiler-dares-to-wear-her-teenage-outfit-again\/\" aria-label=\"Read more about At Over 50, Val\u00e9rie Trierweiler Dares to Wear Her Teenage Outfit Again!\">Continue Reading &rarr;<\/a><\/p>\n","protected":false},"author":18,"featured_media":2121,"comment_status":"open","ping_status":"open","sticky":false,"template":"","format":"standard","meta":{"footnotes":""},"categories":[32],"tags":[],"class_list":["post-2120","post","type-post","status-publish","format-standard","has-post-thumbnail","hentry","category-mode"],"yoast_head":"<!-- This site is optimized with the Yoast SEO plugin v25.6 - https:\/\/yoast.com\/wordpress\/plugins\/seo\/ -->\n<title>At Over 50, Val\u00e9rie Trierweiler Dares to Wear Her Teenage Outfit Again! - Lady and The Track<\/title>\n<meta name=\"robots\" content=\"index, follow, max-snippet:-1, max-image-preview:large, max-video-preview:-1\" \/>\n<link rel=\"canonical\" href=\"https:\/\/ladyandthetrack.com\/articles\/at-over-50-valerie-trierweiler-dares-to-wear-her-teenage-outfit-again\/\" \/>\n<meta property=\"og:locale\" content=\"en_US\" \/>\n<meta property=\"og:type\" content=\"article\" \/>\n<meta property=\"og:title\" content=\"At Over 50, Val\u00e9rie Trierweiler Dares to Wear Her Teenage Outfit Again! - Lady and The Track\" \/>\n<meta property=\"og:description\" content=\"Val\u00e9rie Trierweiler Embraces Change in Fashion and Life Val\u00e9rie Trierweiler recently spoke to Gala about her new book, &#8220;C&#8217;est pour une amie: manuel \u00e0 l&#8217;usage des ... Continue Reading &rarr;\" \/>\n<meta property=\"og:url\" content=\"https:\/\/ladyandthetrack.com\/articles\/at-over-50-valerie-trierweiler-dares-to-wear-her-teenage-outfit-again\/\" \/>\n<meta property=\"og:site_name\" content=\"Lady and The Track\" \/>\n<meta property=\"article:published_time\" content=\"2025-05-30T13:30:13+00:00\" \/>\n<meta property=\"article:modified_time\" content=\"2025-05-30T13:30:14+00:00\" \/>\n<meta property=\"og:image\" content=\"https:\/\/ladyandthetrack.com\/articles\/wp-content\/uploads\/2025\/05\/At-Over-50-Valerie-Trierweiler-Dares-to-Wear-Her-Teenage.jpg\" \/>\n\t<meta property=\"og:image:width\" content=\"1024\" \/>\n\t<meta property=\"og:image:height\" content=\"768\" \/>\n\t<meta property=\"og:image:type\" content=\"image\/jpeg\" \/>\n<meta name=\"author\" content=\"Olivia Martinez\" \/>\n<meta name=\"twitter:card\" content=\"summary_large_image\" \/>\n<meta name=\"twitter:label1\" content=\"Written by\" \/>\n\t<meta name=\"twitter:data1\" content=\"Olivia Martinez\" \/>\n\t<meta name=\"twitter:label2\" content=\"Est. reading time\" \/>\n\t<meta name=\"twitter:data2\" content=\"1 minute\" \/>\n<script type=\"application\/ld+json\" class=\"yoast-schema-graph\">{\"@context\":\"https:\/\/schema.org\",\"@graph\":[{\"@type\":\"WebPage\",\"@id\":\"https:\/\/ladyandthetrack.com\/articles\/at-over-50-valerie-trierweiler-dares-to-wear-her-teenage-outfit-again\/\",\"url\":\"https:\/\/ladyandthetrack.com\/articles\/at-over-50-valerie-trierweiler-dares-to-wear-her-teenage-outfit-again\/\",\"name\":\"At Over 50, Val\u00e9rie Trierweiler Dares to Wear Her Teenage Outfit Again! - Lady and The Track\",\"isPartOf\":{\"@id\":\"https:\/\/ladyandthetrack.com\/articles\/#website\"},\"primaryImageOfPage\":{\"@id\":\"https:\/\/ladyandthetrack.com\/articles\/at-over-50-valerie-trierweiler-dares-to-wear-her-teenage-outfit-again\/#primaryimage\"},\"image\":{\"@id\":\"https:\/\/ladyandthetrack.com\/articles\/at-over-50-valerie-trierweiler-dares-to-wear-her-teenage-outfit-again\/#primaryimage\"},\"thumbnailUrl\":\"https:\/\/ladyandthetrack.com\/articles\/wp-content\/uploads\/2025\/05\/At-Over-50-Valerie-Trierweiler-Dares-to-Wear-Her-Teenage.jpg\",\"datePublished\":\"2025-05-30T13:30:13+00:00\",\"dateModified\":\"2025-05-30T13:30:14+00:00\",\"author\":{\"@id\":\"https:\/\/ladyandthetrack.com\/articles\/#\/schema\/person\/d57f3dfe4e859d9796434d00bd11e446\"},\"breadcrumb\":{\"@id\":\"https:\/\/ladyandthetrack.com\/articles\/at-over-50-valerie-trierweiler-dares-to-wear-her-teenage-outfit-again\/#breadcrumb\"},\"inLanguage\":\"en-US\",\"potentialAction\":[{\"@type\":\"ReadAction\",\"target\":[\"https:\/\/ladyandthetrack.com\/articles\/at-over-50-valerie-trierweiler-dares-to-wear-her-teenage-outfit-again\/\"]}]},{\"@type\":\"ImageObject\",\"inLanguage\":\"en-US\",\"@id\":\"https:\/\/ladyandthetrack.com\/articles\/at-over-50-valerie-trierweiler-dares-to-wear-her-teenage-outfit-again\/#primaryimage\",\"url\":\"https:\/\/ladyandthetrack.com\/articles\/wp-content\/uploads\/2025\/05\/At-Over-50-Valerie-Trierweiler-Dares-to-Wear-Her-Teenage.jpg\",\"contentUrl\":\"https:\/\/ladyandthetrack.com\/articles\/wp-content\/uploads\/2025\/05\/At-Over-50-Valerie-Trierweiler-Dares-to-Wear-Her-Teenage.jpg\",\"width\":1024,\"height\":768,\"caption\":\"At Over 50, Val\u00e9rie Trierweiler Dares to Wear Her Teenage Outfit Again!\"},{\"@type\":\"BreadcrumbList\",\"@id\":\"https:\/\/ladyandthetrack.com\/articles\/at-over-50-valerie-trierweiler-dares-to-wear-her-teenage-outfit-again\/#breadcrumb\",\"itemListElement\":[{\"@type\":\"ListItem\",\"position\":1,\"name\":\"Accueil\",\"item\":\"https:\/\/ladyandthetrack.com\/articles\/\"},{\"@type\":\"ListItem\",\"position\":2,\"name\":\"At Over 50, Val\u00e9rie Trierweiler Dares to Wear Her Teenage Outfit Again!\"}]},{\"@type\":\"WebSite\",\"@id\":\"https:\/\/ladyandthetrack.com\/articles\/#website\",\"url\":\"https:\/\/ladyandthetrack.com\/articles\/\",\"name\":\"Lady and The Track\",\"description\":\"\",\"potentialAction\":[{\"@type\":\"SearchAction\",\"target\":{\"@type\":\"EntryPoint\",\"urlTemplate\":\"https:\/\/ladyandthetrack.com\/articles\/?s={search_term_string}\"},\"query-input\":{\"@type\":\"PropertyValueSpecification\",\"valueRequired\":true,\"valueName\":\"search_term_string\"}}],\"inLanguage\":\"en-US\"},{\"@type\":\"Person\",\"@id\":\"https:\/\/ladyandthetrack.com\/articles\/#\/schema\/person\/d57f3dfe4e859d9796434d00bd11e446\",\"name\":\"Olivia Martinez\",\"image\":{\"@type\":\"ImageObject\",\"inLanguage\":\"en-US\",\"@id\":\"https:\/\/ladyandthetrack.com\/articles\/#\/schema\/person\/image\/\",\"url\":\"https:\/\/secure.gravatar.com\/avatar\/1e306175c07fd235d6a2d04a08158825?s=96&d=mm&r=g\",\"contentUrl\":\"https:\/\/secure.gravatar.com\/avatar\/1e306175c07fd235d6a2d04a08158825?s=96&d=mm&r=g\",\"caption\":\"Olivia Martinez\"},\"description\":\"Olivia Martinez is the Fashion Editor at Lady and The Track, bringing over seven years of experience in the fashion industry. With a background in fashion design and styling, Olivia has worked with top fashion brands and magazines. Her keen eye for trends and styling tips helps readers stay ahead of the fashion curve. Whether she\u2019s covering runway shows or street style, Olivia ensures that Lady and The Track readers are always in the know when it comes to the latest in fashion.\",\"sameAs\":[\"https:\/\/ladyandthetrack.com\/\"],\"url\":\"https:\/\/ladyandthetrack.com\/articles\/author\/olivia-martinez\/\"}]}<\/script>\n<!-- \/ Yoast SEO plugin. -->","yoast_head_json":{"title":"At Over 50, Val\u00e9rie Trierweiler Dares to Wear Her Teenage Outfit Again! - Lady and The Track","robots":{"index":"index","follow":"follow","max-snippet":"max-snippet:-1","max-image-preview":"max-image-preview:large","max-video-preview":"max-video-preview:-1"},"canonical":"https:\/\/ladyandthetrack.com\/articles\/at-over-50-valerie-trierweiler-dares-to-wear-her-teenage-outfit-again\/","og_locale":"en_US","og_type":"article","og_title":"At Over 50, Val\u00e9rie Trierweiler Dares to Wear Her Teenage Outfit Again! - Lady and The Track","og_description":"Val\u00e9rie Trierweiler Embraces Change in Fashion and Life Val\u00e9rie Trierweiler recently spoke to Gala about her new book, &#8220;C&#8217;est pour une amie: manuel \u00e0 l&#8217;usage des ... Continue Reading &rarr;","og_url":"https:\/\/ladyandthetrack.com\/articles\/at-over-50-valerie-trierweiler-dares-to-wear-her-teenage-outfit-again\/","og_site_name":"Lady and The Track","article_published_time":"2025-05-30T13:30:13+00:00","article_modified_time":"2025-05-30T13:30:14+00:00","og_image":[{"width":1024,"height":768,"url":"https:\/\/ladyandthetrack.com\/articles\/wp-content\/uploads\/2025\/05\/At-Over-50-Valerie-Trierweiler-Dares-to-Wear-Her-Teenage.jpg","type":"image\/jpeg"}],"author":"Olivia Martinez","twitter_card":"summary_large_image","twitter_misc":{"Written by":"Olivia Martinez","Est. reading time":"1 minute"},"schema":{"@context":"https:\/\/schema.org","@graph":[{"@type":"WebPage","@id":"https:\/\/ladyandthetrack.com\/articles\/at-over-50-valerie-trierweiler-dares-to-wear-her-teenage-outfit-again\/","url":"https:\/\/ladyandthetrack.com\/articles\/at-over-50-valerie-trierweiler-dares-to-wear-her-teenage-outfit-again\/","name":"At Over 50, Val\u00e9rie Trierweiler Dares to Wear Her Teenage Outfit Again! - Lady and The Track","isPartOf":{"@id":"https:\/\/ladyandthetrack.com\/articles\/#website"},"primaryImageOfPage":{"@id":"https:\/\/ladyandthetrack.com\/articles\/at-over-50-valerie-trierweiler-dares-to-wear-her-teenage-outfit-again\/#primaryimage"},"image":{"@id":"https:\/\/ladyandthetrack.com\/articles\/at-over-50-valerie-trierweiler-dares-to-wear-her-teenage-outfit-again\/#primaryimage"},"thumbnailUrl":"https:\/\/ladyandthetrack.com\/articles\/wp-content\/uploads\/2025\/05\/At-Over-50-Valerie-Trierweiler-Dares-to-Wear-Her-Teenage.jpg","datePublished":"2025-05-30T13:30:13+00:00","dateModified":"2025-05-30T13:30:14+00:00","author":{"@id":"https:\/\/ladyandthetrack.com\/articles\/#\/schema\/person\/d57f3dfe4e859d9796434d00bd11e446"},"breadcrumb":{"@id":"https:\/\/ladyandthetrack.com\/articles\/at-over-50-valerie-trierweiler-dares-to-wear-her-teenage-outfit-again\/#breadcrumb"},"inLanguage":"en-US","potentialAction":[{"@type":"ReadAction","target":["https:\/\/ladyandthetrack.com\/articles\/at-over-50-valerie-trierweiler-dares-to-wear-her-teenage-outfit-again\/"]}]},{"@type":"ImageObject","inLanguage":"en-US","@id":"https:\/\/ladyandthetrack.com\/articles\/at-over-50-valerie-trierweiler-dares-to-wear-her-teenage-outfit-again\/#primaryimage","url":"https:\/\/ladyandthetrack.com\/articles\/wp-content\/uploads\/2025\/05\/At-Over-50-Valerie-Trierweiler-Dares-to-Wear-Her-Teenage.jpg","contentUrl":"https:\/\/ladyandthetrack.com\/articles\/wp-content\/uploads\/2025\/05\/At-Over-50-Valerie-Trierweiler-Dares-to-Wear-Her-Teenage.jpg","width":1024,"height":768,"caption":"At Over 50, Val\u00e9rie Trierweiler Dares to Wear Her Teenage Outfit Again!"},{"@type":"BreadcrumbList","@id":"https:\/\/ladyandthetrack.com\/articles\/at-over-50-valerie-trierweiler-dares-to-wear-her-teenage-outfit-again\/#breadcrumb","itemListElement":[{"@type":"ListItem","position":1,"name":"Accueil","item":"https:\/\/ladyandthetrack.com\/articles\/"},{"@type":"ListItem","position":2,"name":"At Over 50, Val\u00e9rie Trierweiler Dares to Wear Her Teenage Outfit Again!"}]},{"@type":"WebSite","@id":"https:\/\/ladyandthetrack.com\/articles\/#website","url":"https:\/\/ladyandthetrack.com\/articles\/","name":"Lady and The Track","description":"","potentialAction":[{"@type":"SearchAction","target":{"@type":"EntryPoint","urlTemplate":"https:\/\/ladyandthetrack.com\/articles\/?s={search_term_string}"},"query-input":{"@type":"PropertyValueSpecification","valueRequired":true,"valueName":"search_term_string"}}],"inLanguage":"en-US"},{"@type":"Person","@id":"https:\/\/ladyandthetrack.com\/articles\/#\/schema\/person\/d57f3dfe4e859d9796434d00bd11e446","name":"Olivia Martinez","image":{"@type":"ImageObject","inLanguage":"en-US","@id":"https:\/\/ladyandthetrack.com\/articles\/#\/schema\/person\/image\/","url":"https:\/\/secure.gravatar.com\/avatar\/1e306175c07fd235d6a2d04a08158825?s=96&d=mm&r=g","contentUrl":"https:\/\/secure.gravatar.com\/avatar\/1e306175c07fd235d6a2d04a08158825?s=96&d=mm&r=g","caption":"Olivia Martinez"},"description":"Olivia Martinez is the Fashion Editor at Lady and The Track, bringing over seven years of experience in the fashion industry. With a background in fashion design and styling, Olivia has worked with top fashion brands and magazines. Her keen eye for trends and styling tips helps readers stay ahead of the fashion curve. Whether she\u2019s covering runway shows or street style, Olivia ensures that Lady and The Track readers are always in the know when it comes to the latest in fashion.","sameAs":["https:\/\/ladyandthetrack.com\/"],"url":"https:\/\/ladyandthetrack.com\/articles\/author\/olivia-martinez\/"}]}},"_links":{"self":[{"href":"https:\/\/ladyandthetrack.com\/articles\/wp-json\/wp\/v2\/posts\/2120"}],"collection":[{"href":"https:\/\/ladyandthetrack.com\/articles\/wp-json\/wp\/v2\/posts"}],"about":[{"href":"https:\/\/ladyandthetrack.com\/articles\/wp-json\/wp\/v2\/types\/post"}],"author":[{"embeddable":true,"href":"https:\/\/ladyandthetrack.com\/articles\/wp-json\/wp\/v2\/users\/18"}],"replies":[{"embeddable":true,"href":"https:\/\/ladyandthetrack.com\/articles\/wp-json\/wp\/v2\/comments?post=2120"}],"version-history":[{"count":1,"href":"https:\/\/ladyandthetrack.com\/articles\/wp-json\/wp\/v2\/posts\/2120\/revisions"}],"predecessor-version":[{"id":2122,"href":"https:\/\/ladyandthetrack.com\/articles\/wp-json\/wp\/v2\/posts\/2120\/revisions\/2122"}],"wp:featuredmedia":[{"embeddable":true,"href":"https:\/\/ladyandthetrack.com\/articles\/wp-json\/wp\/v2\/media\/2121"}],"wp:attachment":[{"href":"https:\/\/ladyandthetrack.com\/articles\/wp-json\/wp\/v2\/media?parent=2120"}],"wp:term":[{"taxonomy":"category","embeddable":true,"href":"https:\/\/ladyandthetrack.com\/articles\/wp-json\/wp\/v2\/categories?post=2120"},{"taxonomy":"post_tag","embeddable":true,"href":"https:\/\/ladyandthetrack.com\/articles\/wp-json\/wp\/v2\/tags?post=2120"}],"curies":[{"name":"wp","href":"https:\/\/api.w.org\/{rel}","templated":true}]}}