{"id":1703,"date":"2025-03-20T07:39:22","date_gmt":"2025-03-20T11:39:22","guid":{"rendered":"https:\/\/ladyandthetrack.com\/articles\/80s-cartoon-tee-takes-severine-ferrer-fans-on-a-nostalgic-journey\/"},"modified":"2025-03-20T07:39:23","modified_gmt":"2025-03-20T11:39:23","slug":"80s-cartoon-tee-takes-severine-ferrer-fans-on-a-nostalgic-journey","status":"publish","type":"post","link":"https:\/\/ladyandthetrack.com\/articles\/80s-cartoon-tee-takes-severine-ferrer-fans-on-a-nostalgic-journey\/","title":{"rendered":"80s Cartoon Tee Takes S\u00e9verine Ferrer Fans on a Nostalgic Journey!"},"content":{"rendered":"<h2>A Colorful Evening at the Museum<\/h2>\n<p>Far from having a dull personality or wardrobe, S\u00e9verine Ferrer showcased a vibrant and nostalgic outfit during a museum night event. Get a glimpse of her eye-catching attire in the photographs provided.<\/p>\n<h3>A Playful Ensemble for a Special Launch<\/h3>\n<p>Like Fabienne Carat, Cl\u00e9mence Botino (Miss France 2020), and Aur\u00e9lie Konat\u00e9, S\u00e9verine Ferrer attended the Illusion Museum in Paris on March 13 for a special launch event. The former TV host chose a playful ensemble for the occasion.<\/p>\n<p>S\u00e9verine Ferrer stepped out in front of the cameras at a silent party celebrating the Parisian museum&#8217;s fifth anniversary. Known for hosting the popular 2000s show Fan de, Ferrer made a rare social appearance in an original outfit. The standout piece of her ensemble was undoubtedly her black denim jacket with whimsical details. The jacket featured a patchwork of colors, texts, and patterns along the sleeves, making it a unique artisanal piece. This one-of-a-kind jacket, from the Sand Coachella clothing brand based in Marseille, retails for \u20ac299.90.<\/p>\n<h3>S\u00e9verine Ferrer in Paris, March 13, 2025<\/h3>\n<p>To complement her jacket, S\u00e9verine Ferrer wore an equally distinctive top. The Montpellier-born celebrity donned a white t-shirt adorned with a rainbow and the iconic 80s Care Bears. Her outfit was completed with black tights and a leather shorts, reflecting her cheerful and vibrant image.<\/p>\n<h3>Maintaining a Dazzling Style<\/h3>\n<p>Since leaving M6, the French star has maintained her effervescent style, embracing daring looks as evident on her Instagram. Her wardrobe choices include colorfully patterned jackets, oversized earrings, ultra-shiny dresses, and geometric pants. At 47, S\u00e9verine Ferrer continues to enjoy dressing up with flair and fun.<\/p>\n\n\n<div class=\"kk-star-ratings kksr-auto kksr-align-left kksr-valign-bottom\"\n    data-payload='{&quot;align&quot;:&quot;left&quot;,&quot;id&quot;:&quot;1703&quot;,&quot;slug&quot;:&quot;default&quot;,&quot;valign&quot;:&quot;bottom&quot;,&quot;ignore&quot;:&quot;&quot;,&quot;reference&quot;:&quot;auto&quot;,&quot;class&quot;:&quot;&quot;,&quot;count&quot;:&quot;0&quot;,&quot;legendonly&quot;:&quot;&quot;,&quot;readonly&quot;:&quot;&quot;,&quot;score&quot;:&quot;0&quot;,&quot;starsonly&quot;:&quot;&quot;,&quot;best&quot;:&quot;5&quot;,&quot;gap&quot;:&quot;5&quot;,&quot;greet&quot;:&quot;Rate this post&quot;,&quot;legend&quot;:&quot;0\\\/5 - (0 votes)&quot;,&quot;size&quot;:&quot;22&quot;,&quot;title&quot;:&quot;80s Cartoon Tee Takes S\u00e9verine Ferrer Fans on a Nostalgic Journey!&quot;,&quot;width&quot;:&quot;0&quot;,&quot;_legend&quot;:&quot;{score}\\\/{best} - ({count} {votes})&quot;,&quot;font_factor&quot;:&quot;1.25&quot;}'>\n            \n<div class=\"kksr-stars\">\n    \n<div class=\"kksr-stars-inactive\">\n            <div class=\"kksr-star\" data-star=\"1\" style=\"padding-right: 5px\">\n            \n\n<div class=\"kksr-icon\" style=\"width: 22px; height: 22px;\"><\/div>\n        <\/div>\n            <div class=\"kksr-star\" data-star=\"2\" style=\"padding-right: 5px\">\n            \n\n<div class=\"kksr-icon\" style=\"width: 22px; height: 22px;\"><\/div>\n        <\/div>\n            <div class=\"kksr-star\" data-star=\"3\" style=\"padding-right: 5px\">\n            \n\n<div class=\"kksr-icon\" style=\"width: 22px; height: 22px;\"><\/div>\n        <\/div>\n            <div class=\"kksr-star\" data-star=\"4\" style=\"padding-right: 5px\">\n            \n\n<div class=\"kksr-icon\" style=\"width: 22px; height: 22px;\"><\/div>\n        <\/div>\n            <div class=\"kksr-star\" data-star=\"5\" style=\"padding-right: 5px\">\n            \n\n<div class=\"kksr-icon\" style=\"width: 22px; height: 22px;\"><\/div>\n        <\/div>\n    <\/div>\n    \n<div class=\"kksr-stars-active\" style=\"width: 0px;\">\n            <div class=\"kksr-star\" style=\"padding-right: 5px\">\n            \n\n<div class=\"kksr-icon\" style=\"width: 22px; height: 22px;\"><\/div>\n        <\/div>\n            <div class=\"kksr-star\" style=\"padding-right: 5px\">\n            \n\n<div class=\"kksr-icon\" style=\"width: 22px; height: 22px;\"><\/div>\n        <\/div>\n            <div class=\"kksr-star\" style=\"padding-right: 5px\">\n            \n\n<div class=\"kksr-icon\" style=\"width: 22px; height: 22px;\"><\/div>\n        <\/div>\n            <div class=\"kksr-star\" style=\"padding-right: 5px\">\n            \n\n<div class=\"kksr-icon\" style=\"width: 22px; height: 22px;\"><\/div>\n        <\/div>\n            <div class=\"kksr-star\" style=\"padding-right: 5px\">\n            \n\n<div class=\"kksr-icon\" style=\"width: 22px; height: 22px;\"><\/div>\n        <\/div>\n    <\/div>\n<\/div>\n                \n\n<div class=\"kksr-legend\" style=\"font-size: 17.6px;\">\n            <span class=\"kksr-muted\">Rate this post<\/span>\n    <\/div>\n    <\/div>\n","protected":false},"excerpt":{"rendered":"<p>A Colorful Evening at the Museum Far from having a dull personality or wardrobe, S\u00e9verine Ferrer showcased a vibrant and nostalgic outfit during a museum night &#8230; <a title=\"80s Cartoon Tee Takes S\u00e9verine Ferrer Fans on a Nostalgic Journey!\" class=\"read-more\" href=\"https:\/\/ladyandthetrack.com\/articles\/80s-cartoon-tee-takes-severine-ferrer-fans-on-a-nostalgic-journey\/\" aria-label=\"Read more about 80s Cartoon Tee Takes S\u00e9verine Ferrer Fans on a Nostalgic Journey!\">Continue Reading &rarr;<\/a><\/p>\n","protected":false},"author":18,"featured_media":1704,"comment_status":"open","ping_status":"open","sticky":false,"template":"","format":"standard","meta":{"footnotes":""},"categories":[32],"tags":[],"class_list":["post-1703","post","type-post","status-publish","format-standard","has-post-thumbnail","hentry","category-mode"],"yoast_head":"<!-- This site is optimized with the Yoast SEO plugin v25.6 - https:\/\/yoast.com\/wordpress\/plugins\/seo\/ -->\n<title>80s Cartoon Tee Takes S\u00e9verine Ferrer Fans on a Nostalgic Journey! - Lady and The Track<\/title>\n<meta name=\"robots\" content=\"index, follow, max-snippet:-1, max-image-preview:large, max-video-preview:-1\" \/>\n<link rel=\"canonical\" href=\"https:\/\/ladyandthetrack.com\/articles\/80s-cartoon-tee-takes-severine-ferrer-fans-on-a-nostalgic-journey\/\" \/>\n<meta property=\"og:locale\" content=\"en_US\" \/>\n<meta property=\"og:type\" content=\"article\" \/>\n<meta property=\"og:title\" content=\"80s Cartoon Tee Takes S\u00e9verine Ferrer Fans on a Nostalgic Journey! - Lady and The Track\" \/>\n<meta property=\"og:description\" content=\"A Colorful Evening at the Museum Far from having a dull personality or wardrobe, S\u00e9verine Ferrer showcased a vibrant and nostalgic outfit during a museum night ... Continue Reading &rarr;\" \/>\n<meta property=\"og:url\" content=\"https:\/\/ladyandthetrack.com\/articles\/80s-cartoon-tee-takes-severine-ferrer-fans-on-a-nostalgic-journey\/\" \/>\n<meta property=\"og:site_name\" content=\"Lady and The Track\" \/>\n<meta property=\"article:published_time\" content=\"2025-03-20T11:39:22+00:00\" \/>\n<meta property=\"article:modified_time\" content=\"2025-03-20T11:39:23+00:00\" \/>\n<meta property=\"og:image\" content=\"https:\/\/ladyandthetrack.com\/articles\/wp-content\/uploads\/2025\/03\/80s-Cartoon-Tee-Takes-Severine-Ferrer-Fans-on-a-Nostalgic.jpg\" \/>\n\t<meta property=\"og:image:width\" content=\"1024\" \/>\n\t<meta property=\"og:image:height\" content=\"768\" \/>\n\t<meta property=\"og:image:type\" content=\"image\/jpeg\" \/>\n<meta name=\"author\" content=\"Olivia Martinez\" \/>\n<meta name=\"twitter:card\" content=\"summary_large_image\" \/>\n<meta name=\"twitter:label1\" content=\"Written by\" \/>\n\t<meta name=\"twitter:data1\" content=\"Olivia Martinez\" \/>\n\t<meta name=\"twitter:label2\" content=\"Est. reading time\" \/>\n\t<meta name=\"twitter:data2\" content=\"1 minute\" \/>\n<script type=\"application\/ld+json\" class=\"yoast-schema-graph\">{\"@context\":\"https:\/\/schema.org\",\"@graph\":[{\"@type\":\"WebPage\",\"@id\":\"https:\/\/ladyandthetrack.com\/articles\/80s-cartoon-tee-takes-severine-ferrer-fans-on-a-nostalgic-journey\/\",\"url\":\"https:\/\/ladyandthetrack.com\/articles\/80s-cartoon-tee-takes-severine-ferrer-fans-on-a-nostalgic-journey\/\",\"name\":\"80s Cartoon Tee Takes S\u00e9verine Ferrer Fans on a Nostalgic Journey! - Lady and The Track\",\"isPartOf\":{\"@id\":\"https:\/\/ladyandthetrack.com\/articles\/#website\"},\"primaryImageOfPage\":{\"@id\":\"https:\/\/ladyandthetrack.com\/articles\/80s-cartoon-tee-takes-severine-ferrer-fans-on-a-nostalgic-journey\/#primaryimage\"},\"image\":{\"@id\":\"https:\/\/ladyandthetrack.com\/articles\/80s-cartoon-tee-takes-severine-ferrer-fans-on-a-nostalgic-journey\/#primaryimage\"},\"thumbnailUrl\":\"https:\/\/ladyandthetrack.com\/articles\/wp-content\/uploads\/2025\/03\/80s-Cartoon-Tee-Takes-Severine-Ferrer-Fans-on-a-Nostalgic.jpg\",\"datePublished\":\"2025-03-20T11:39:22+00:00\",\"dateModified\":\"2025-03-20T11:39:23+00:00\",\"author\":{\"@id\":\"https:\/\/ladyandthetrack.com\/articles\/#\/schema\/person\/d57f3dfe4e859d9796434d00bd11e446\"},\"breadcrumb\":{\"@id\":\"https:\/\/ladyandthetrack.com\/articles\/80s-cartoon-tee-takes-severine-ferrer-fans-on-a-nostalgic-journey\/#breadcrumb\"},\"inLanguage\":\"en-US\",\"potentialAction\":[{\"@type\":\"ReadAction\",\"target\":[\"https:\/\/ladyandthetrack.com\/articles\/80s-cartoon-tee-takes-severine-ferrer-fans-on-a-nostalgic-journey\/\"]}]},{\"@type\":\"ImageObject\",\"inLanguage\":\"en-US\",\"@id\":\"https:\/\/ladyandthetrack.com\/articles\/80s-cartoon-tee-takes-severine-ferrer-fans-on-a-nostalgic-journey\/#primaryimage\",\"url\":\"https:\/\/ladyandthetrack.com\/articles\/wp-content\/uploads\/2025\/03\/80s-Cartoon-Tee-Takes-Severine-Ferrer-Fans-on-a-Nostalgic.jpg\",\"contentUrl\":\"https:\/\/ladyandthetrack.com\/articles\/wp-content\/uploads\/2025\/03\/80s-Cartoon-Tee-Takes-Severine-Ferrer-Fans-on-a-Nostalgic.jpg\",\"width\":1024,\"height\":768,\"caption\":\"80s Cartoon Tee Takes S\u00e9verine Ferrer Fans on a Nostalgic Journey!\"},{\"@type\":\"BreadcrumbList\",\"@id\":\"https:\/\/ladyandthetrack.com\/articles\/80s-cartoon-tee-takes-severine-ferrer-fans-on-a-nostalgic-journey\/#breadcrumb\",\"itemListElement\":[{\"@type\":\"ListItem\",\"position\":1,\"name\":\"Accueil\",\"item\":\"https:\/\/ladyandthetrack.com\/articles\/\"},{\"@type\":\"ListItem\",\"position\":2,\"name\":\"80s Cartoon Tee Takes S\u00e9verine Ferrer Fans on a Nostalgic Journey!\"}]},{\"@type\":\"WebSite\",\"@id\":\"https:\/\/ladyandthetrack.com\/articles\/#website\",\"url\":\"https:\/\/ladyandthetrack.com\/articles\/\",\"name\":\"Lady and The Track\",\"description\":\"\",\"potentialAction\":[{\"@type\":\"SearchAction\",\"target\":{\"@type\":\"EntryPoint\",\"urlTemplate\":\"https:\/\/ladyandthetrack.com\/articles\/?s={search_term_string}\"},\"query-input\":{\"@type\":\"PropertyValueSpecification\",\"valueRequired\":true,\"valueName\":\"search_term_string\"}}],\"inLanguage\":\"en-US\"},{\"@type\":\"Person\",\"@id\":\"https:\/\/ladyandthetrack.com\/articles\/#\/schema\/person\/d57f3dfe4e859d9796434d00bd11e446\",\"name\":\"Olivia Martinez\",\"image\":{\"@type\":\"ImageObject\",\"inLanguage\":\"en-US\",\"@id\":\"https:\/\/ladyandthetrack.com\/articles\/#\/schema\/person\/image\/\",\"url\":\"https:\/\/secure.gravatar.com\/avatar\/1e306175c07fd235d6a2d04a08158825?s=96&d=mm&r=g\",\"contentUrl\":\"https:\/\/secure.gravatar.com\/avatar\/1e306175c07fd235d6a2d04a08158825?s=96&d=mm&r=g\",\"caption\":\"Olivia Martinez\"},\"description\":\"Olivia Martinez is the Fashion Editor at Lady and The Track, bringing over seven years of experience in the fashion industry. With a background in fashion design and styling, Olivia has worked with top fashion brands and magazines. Her keen eye for trends and styling tips helps readers stay ahead of the fashion curve. Whether she\u2019s covering runway shows or street style, Olivia ensures that Lady and The Track readers are always in the know when it comes to the latest in fashion.\",\"sameAs\":[\"https:\/\/ladyandthetrack.com\/\"],\"url\":\"https:\/\/ladyandthetrack.com\/articles\/author\/olivia-martinez\/\"}]}<\/script>\n<!-- \/ Yoast SEO plugin. -->","yoast_head_json":{"title":"80s Cartoon Tee Takes S\u00e9verine Ferrer Fans on a Nostalgic Journey! - Lady and The Track","robots":{"index":"index","follow":"follow","max-snippet":"max-snippet:-1","max-image-preview":"max-image-preview:large","max-video-preview":"max-video-preview:-1"},"canonical":"https:\/\/ladyandthetrack.com\/articles\/80s-cartoon-tee-takes-severine-ferrer-fans-on-a-nostalgic-journey\/","og_locale":"en_US","og_type":"article","og_title":"80s Cartoon Tee Takes S\u00e9verine Ferrer Fans on a Nostalgic Journey! - Lady and The Track","og_description":"A Colorful Evening at the Museum Far from having a dull personality or wardrobe, S\u00e9verine Ferrer showcased a vibrant and nostalgic outfit during a museum night ... Continue Reading &rarr;","og_url":"https:\/\/ladyandthetrack.com\/articles\/80s-cartoon-tee-takes-severine-ferrer-fans-on-a-nostalgic-journey\/","og_site_name":"Lady and The Track","article_published_time":"2025-03-20T11:39:22+00:00","article_modified_time":"2025-03-20T11:39:23+00:00","og_image":[{"width":1024,"height":768,"url":"https:\/\/ladyandthetrack.com\/articles\/wp-content\/uploads\/2025\/03\/80s-Cartoon-Tee-Takes-Severine-Ferrer-Fans-on-a-Nostalgic.jpg","type":"image\/jpeg"}],"author":"Olivia Martinez","twitter_card":"summary_large_image","twitter_misc":{"Written by":"Olivia Martinez","Est. reading time":"1 minute"},"schema":{"@context":"https:\/\/schema.org","@graph":[{"@type":"WebPage","@id":"https:\/\/ladyandthetrack.com\/articles\/80s-cartoon-tee-takes-severine-ferrer-fans-on-a-nostalgic-journey\/","url":"https:\/\/ladyandthetrack.com\/articles\/80s-cartoon-tee-takes-severine-ferrer-fans-on-a-nostalgic-journey\/","name":"80s Cartoon Tee Takes S\u00e9verine Ferrer Fans on a Nostalgic Journey! - Lady and The Track","isPartOf":{"@id":"https:\/\/ladyandthetrack.com\/articles\/#website"},"primaryImageOfPage":{"@id":"https:\/\/ladyandthetrack.com\/articles\/80s-cartoon-tee-takes-severine-ferrer-fans-on-a-nostalgic-journey\/#primaryimage"},"image":{"@id":"https:\/\/ladyandthetrack.com\/articles\/80s-cartoon-tee-takes-severine-ferrer-fans-on-a-nostalgic-journey\/#primaryimage"},"thumbnailUrl":"https:\/\/ladyandthetrack.com\/articles\/wp-content\/uploads\/2025\/03\/80s-Cartoon-Tee-Takes-Severine-Ferrer-Fans-on-a-Nostalgic.jpg","datePublished":"2025-03-20T11:39:22+00:00","dateModified":"2025-03-20T11:39:23+00:00","author":{"@id":"https:\/\/ladyandthetrack.com\/articles\/#\/schema\/person\/d57f3dfe4e859d9796434d00bd11e446"},"breadcrumb":{"@id":"https:\/\/ladyandthetrack.com\/articles\/80s-cartoon-tee-takes-severine-ferrer-fans-on-a-nostalgic-journey\/#breadcrumb"},"inLanguage":"en-US","potentialAction":[{"@type":"ReadAction","target":["https:\/\/ladyandthetrack.com\/articles\/80s-cartoon-tee-takes-severine-ferrer-fans-on-a-nostalgic-journey\/"]}]},{"@type":"ImageObject","inLanguage":"en-US","@id":"https:\/\/ladyandthetrack.com\/articles\/80s-cartoon-tee-takes-severine-ferrer-fans-on-a-nostalgic-journey\/#primaryimage","url":"https:\/\/ladyandthetrack.com\/articles\/wp-content\/uploads\/2025\/03\/80s-Cartoon-Tee-Takes-Severine-Ferrer-Fans-on-a-Nostalgic.jpg","contentUrl":"https:\/\/ladyandthetrack.com\/articles\/wp-content\/uploads\/2025\/03\/80s-Cartoon-Tee-Takes-Severine-Ferrer-Fans-on-a-Nostalgic.jpg","width":1024,"height":768,"caption":"80s Cartoon Tee Takes S\u00e9verine Ferrer Fans on a Nostalgic Journey!"},{"@type":"BreadcrumbList","@id":"https:\/\/ladyandthetrack.com\/articles\/80s-cartoon-tee-takes-severine-ferrer-fans-on-a-nostalgic-journey\/#breadcrumb","itemListElement":[{"@type":"ListItem","position":1,"name":"Accueil","item":"https:\/\/ladyandthetrack.com\/articles\/"},{"@type":"ListItem","position":2,"name":"80s Cartoon Tee Takes S\u00e9verine Ferrer Fans on a Nostalgic Journey!"}]},{"@type":"WebSite","@id":"https:\/\/ladyandthetrack.com\/articles\/#website","url":"https:\/\/ladyandthetrack.com\/articles\/","name":"Lady and The Track","description":"","potentialAction":[{"@type":"SearchAction","target":{"@type":"EntryPoint","urlTemplate":"https:\/\/ladyandthetrack.com\/articles\/?s={search_term_string}"},"query-input":{"@type":"PropertyValueSpecification","valueRequired":true,"valueName":"search_term_string"}}],"inLanguage":"en-US"},{"@type":"Person","@id":"https:\/\/ladyandthetrack.com\/articles\/#\/schema\/person\/d57f3dfe4e859d9796434d00bd11e446","name":"Olivia Martinez","image":{"@type":"ImageObject","inLanguage":"en-US","@id":"https:\/\/ladyandthetrack.com\/articles\/#\/schema\/person\/image\/","url":"https:\/\/secure.gravatar.com\/avatar\/1e306175c07fd235d6a2d04a08158825?s=96&d=mm&r=g","contentUrl":"https:\/\/secure.gravatar.com\/avatar\/1e306175c07fd235d6a2d04a08158825?s=96&d=mm&r=g","caption":"Olivia Martinez"},"description":"Olivia Martinez is the Fashion Editor at Lady and The Track, bringing over seven years of experience in the fashion industry. With a background in fashion design and styling, Olivia has worked with top fashion brands and magazines. Her keen eye for trends and styling tips helps readers stay ahead of the fashion curve. Whether she\u2019s covering runway shows or street style, Olivia ensures that Lady and The Track readers are always in the know when it comes to the latest in fashion.","sameAs":["https:\/\/ladyandthetrack.com\/"],"url":"https:\/\/ladyandthetrack.com\/articles\/author\/olivia-martinez\/"}]}},"_links":{"self":[{"href":"https:\/\/ladyandthetrack.com\/articles\/wp-json\/wp\/v2\/posts\/1703"}],"collection":[{"href":"https:\/\/ladyandthetrack.com\/articles\/wp-json\/wp\/v2\/posts"}],"about":[{"href":"https:\/\/ladyandthetrack.com\/articles\/wp-json\/wp\/v2\/types\/post"}],"author":[{"embeddable":true,"href":"https:\/\/ladyandthetrack.com\/articles\/wp-json\/wp\/v2\/users\/18"}],"replies":[{"embeddable":true,"href":"https:\/\/ladyandthetrack.com\/articles\/wp-json\/wp\/v2\/comments?post=1703"}],"version-history":[{"count":1,"href":"https:\/\/ladyandthetrack.com\/articles\/wp-json\/wp\/v2\/posts\/1703\/revisions"}],"predecessor-version":[{"id":1705,"href":"https:\/\/ladyandthetrack.com\/articles\/wp-json\/wp\/v2\/posts\/1703\/revisions\/1705"}],"wp:featuredmedia":[{"embeddable":true,"href":"https:\/\/ladyandthetrack.com\/articles\/wp-json\/wp\/v2\/media\/1704"}],"wp:attachment":[{"href":"https:\/\/ladyandthetrack.com\/articles\/wp-json\/wp\/v2\/media?parent=1703"}],"wp:term":[{"taxonomy":"category","embeddable":true,"href":"https:\/\/ladyandthetrack.com\/articles\/wp-json\/wp\/v2\/categories?post=1703"},{"taxonomy":"post_tag","embeddable":true,"href":"https:\/\/ladyandthetrack.com\/articles\/wp-json\/wp\/v2\/tags?post=1703"}],"curies":[{"name":"wp","href":"https:\/\/api.w.org\/{rel}","templated":true}]}}